{"id":3196,"date":"2025-04-11T16:56:18","date_gmt":"2025-04-11T14:56:18","guid":{"rendered":"https:\/\/zeiss-orchester.de\/?p=3196"},"modified":"2025-09-07T16:52:04","modified_gmt":"2025-09-07T14:52:04","slug":"rueckblick-und-ausblick","status":"publish","type":"post","link":"https:\/\/zeiss-orchester.de\/?p=3196","title":{"rendered":"R\u00fcckblick auf unser Fr\u00fchlingskonzert 2025"},"content":{"rendered":"\n<!-- Facebook Like Button Vivacity Infotech BEGIN -->\n<div class=\"fb-like\" data-href=\"https:\/\/zeiss-orchester.de\/?p=3196\" data-layout=\"button\" data-action=\"like\" data-show-faces=\"false\" data-size=\"small\" data-width=\"450\" data-share=\"1\" ><\/div>\n<!-- Facebook Like Button Vivacity Infotech END -->\n\n<p><\/p>\n\n\n\n<h2 class=\"wp-block-heading\">Am 06.04.2025 f\u00fcllten wir unser Volkshaus mit sch\u00f6nsten Melodien<\/h2>\n\n\n\n<p>Viele Zuh\u00f6rer kamen am am 06.04.2025 ins Volkshaus Jena, um unseren Darbietungen zu lauschen. Dar\u00fcber freuen wir uns sehr und wir hoffen, dass Ihnen das Fr\u00fchlingskonzert so wie auch dem Kritiker Hans Lehmann gut gefallen hat (siehe unten der Ausschnitt aus der Zeitung).<\/p>\n\n\n\n<figure class=\"wp-block-gallery has-nested-images columns-default is-cropped wp-block-gallery-1 is-layout-flex wp-block-gallery-is-layout-flex\">\n<figure class=\"wp-block-image size-large\"><img loading=\"lazy\" decoding=\"async\" width=\"1024\" height=\"683\" data-id=\"3204\" src=\"https:\/\/zeiss-orchester.de\/wp-content\/uploads\/2025\/04\/Gruppenfoto-SOZ-im-Foyer-des-VH-1024x683.jpg\" alt=\"\" class=\"wp-image-3204\" srcset=\"https:\/\/zeiss-orchester.de\/wp-content\/uploads\/2025\/04\/Gruppenfoto-SOZ-im-Foyer-des-VH-1024x683.jpg 1024w, https:\/\/zeiss-orchester.de\/wp-content\/uploads\/2025\/04\/Gruppenfoto-SOZ-im-Foyer-des-VH-300x200.jpg 300w, https:\/\/zeiss-orchester.de\/wp-content\/uploads\/2025\/04\/Gruppenfoto-SOZ-im-Foyer-des-VH-768x512.jpg 768w, https:\/\/zeiss-orchester.de\/wp-content\/uploads\/2025\/04\/Gruppenfoto-SOZ-im-Foyer-des-VH-1536x1024.jpg 1536w, https:\/\/zeiss-orchester.de\/wp-content\/uploads\/2025\/04\/Gruppenfoto-SOZ-im-Foyer-des-VH-624x416.jpg 624w\" sizes=\"auto, (max-width: 1024px) 100vw, 1024px\" \/><figcaption class=\"wp-element-caption\"><br>Copyright: Fotostudio Arlene Knipper<\/figcaption><\/figure>\n<\/figure>\n\n\n\n<figure class=\"wp-block-image size-large\"><img loading=\"lazy\" decoding=\"async\" width=\"239\" height=\"1024\" src=\"https:\/\/zeiss-orchester.de\/wp-content\/uploads\/2025\/04\/Fruehlingskonzert-Pressekritik-2025-239x1024.jpeg\" alt=\"\" class=\"wp-image-3197\" srcset=\"https:\/\/zeiss-orchester.de\/wp-content\/uploads\/2025\/04\/Fruehlingskonzert-Pressekritik-2025-239x1024.jpeg 239w, https:\/\/zeiss-orchester.de\/wp-content\/uploads\/2025\/04\/Fruehlingskonzert-Pressekritik-2025-70x300.jpeg 70w, https:\/\/zeiss-orchester.de\/wp-content\/uploads\/2025\/04\/Fruehlingskonzert-Pressekritik-2025-358x1536.jpeg 358w, https:\/\/zeiss-orchester.de\/wp-content\/uploads\/2025\/04\/Fruehlingskonzert-Pressekritik-2025.jpeg 445w\" sizes=\"auto, (max-width: 239px) 100vw, 239px\" \/><\/figure>\n\n\n\n<figure class=\"wp-block-gallery has-nested-images columns-default is-cropped wp-block-gallery-2 is-layout-flex wp-block-gallery-is-layout-flex\">\n<figure class=\"wp-block-image size-large\"><img decoding=\"async\" data-id=\"3209\" src=\"https:\/\/zeiss-orchester.de\/wp-content\/uploads\/2025\/04\/Gruppenfoto-SOZ-vor-VH-winkend-1-1024x683.jpg\" alt=\"\" class=\"wp-image-3209\"\/><figcaption class=\"wp-element-caption\">Copyright: Fotostudio Arlene Knipper<\/figcaption><\/figure>\n<\/figure>\n\n\n\n<p><\/p>\n\n\n\n<p>Unsere Orchestergemeinschaft gr\u00fc\u00dft Sie und w\u00fcnscht Ihnen einen sch\u00f6nen Sommer! Wir verabschieden uns bis zum Herbstkonzert am Sonntag, 26. Oktober 2025!<\/p>\n\n<!-- Facebook Like Button Vivacity Infotech BEGIN -->\n<div class=\"fb-like\" data-href=\"https:\/\/zeiss-orchester.de\/?p=3196\" data-layout=\"button\" data-action=\"like\" data-show-faces=\"false\" data-size=\"small\" data-width=\"450\" data-share=\"1\" ><\/div>\n<!-- Facebook Like Button Vivacity Infotech END -->\n","protected":false},"excerpt":{"rendered":"<p>Am 06.04.2025 f\u00fcllten wir unser Volkshaus mit sch\u00f6nsten Melodien Viele Zuh\u00f6rer kamen am am 06.04.2025 ins Volkshaus Jena, um unseren Darbietungen zu lauschen. Dar\u00fcber freuen wir uns sehr und wir [&hellip;]<\/p>\n","protected":false},"author":2,"featured_media":0,"comment_status":"closed","ping_status":"closed","sticky":false,"template":"","format":"standard","meta":{"_price":"","_stock":"","_tribe_ticket_header":"","_tribe_default_ticket_provider":"","_tribe_ticket_capacity":"0","_ticket_start_date":"","_ticket_end_date":"","_tribe_ticket_show_description":"","_tribe_ticket_show_not_going":false,"_tribe_ticket_use_global_stock":"","_tribe_ticket_global_stock_level":"","_global_stock_mode":"","_global_stock_cap":"","_tribe_rsvp_for_event":"","_tribe_ticket_going_count":"","_tribe_ticket_not_going_count":"","_tribe_tickets_list":"[]","_tribe_ticket_has_attendee_info_fields":false,"footnotes":""},"categories":[1],"tags":[],"class_list":["post-3196","post","type-post","status-publish","format-standard","hentry","category-uncategorized"],"_links":{"self":[{"href":"https:\/\/zeiss-orchester.de\/index.php?rest_route=\/wp\/v2\/posts\/3196","targetHints":{"allow":["GET"]}}],"collection":[{"href":"https:\/\/zeiss-orchester.de\/index.php?rest_route=\/wp\/v2\/posts"}],"about":[{"href":"https:\/\/zeiss-orchester.de\/index.php?rest_route=\/wp\/v2\/types\/post"}],"author":[{"embeddable":true,"href":"https:\/\/zeiss-orchester.de\/index.php?rest_route=\/wp\/v2\/users\/2"}],"replies":[{"embeddable":true,"href":"https:\/\/zeiss-orchester.de\/index.php?rest_route=%2Fwp%2Fv2%2Fcomments&post=3196"}],"version-history":[{"count":10,"href":"https:\/\/zeiss-orchester.de\/index.php?rest_route=\/wp\/v2\/posts\/3196\/revisions"}],"predecessor-version":[{"id":3290,"href":"https:\/\/zeiss-orchester.de\/index.php?rest_route=\/wp\/v2\/posts\/3196\/revisions\/3290"}],"wp:attachment":[{"href":"https:\/\/zeiss-orchester.de\/index.php?rest_route=%2Fwp%2Fv2%2Fmedia&parent=3196"}],"wp:term":[{"taxonomy":"category","embeddable":true,"href":"https:\/\/zeiss-orchester.de\/index.php?rest_route=%2Fwp%2Fv2%2Fcategories&post=3196"},{"taxonomy":"post_tag","embeddable":true,"href":"https:\/\/zeiss-orchester.de\/index.php?rest_route=%2Fwp%2Fv2%2Ftags&post=3196"}],"curies":[{"name":"wp","href":"https:\/\/api.w.org\/{rel}","templated":true}]}}