{"id":3018,"date":"2024-10-26T14:24:00","date_gmt":"2024-10-26T12:24:00","guid":{"rendered":"https:\/\/zeiss-orchester.de\/?p=3018"},"modified":"2024-11-20T17:27:05","modified_gmt":"2024-11-20T16:27:05","slug":"jetzt-ist-herbst-und-bald-schon-ist-weihnachtszeit","status":"publish","type":"post","link":"https:\/\/zeiss-orchester.de\/?p=3018","title":{"rendered":"R\u00fcckblick auf unser Herbstkonzert"},"content":{"rendered":"\n<!-- Facebook Like Button Vivacity Infotech BEGIN -->\n<div class=\"fb-like\" data-href=\"https:\/\/zeiss-orchester.de\/?p=3018\" data-layout=\"button\" data-action=\"like\" data-show-faces=\"false\" data-size=\"small\" data-width=\"450\" data-share=\"1\" ><\/div>\n<!-- Facebook Like Button Vivacity Infotech END -->\n\n<div class=\"wp-block-group\"><div class=\"wp-block-group__inner-container is-layout-constrained wp-block-group-is-layout-constrained\">\n<figure class=\"wp-block-gallery has-nested-images columns-default is-cropped wp-block-gallery-1 is-layout-flex wp-block-gallery-is-layout-flex\">\n<figure class=\"wp-block-image size-large\"><img loading=\"lazy\" decoding=\"async\" width=\"640\" height=\"480\" data-id=\"3019\" src=\"https:\/\/zeiss-orchester.de\/wp-content\/uploads\/2024\/10\/IMG_7396.jpg\" alt=\"\" class=\"wp-image-3019\" srcset=\"https:\/\/zeiss-orchester.de\/wp-content\/uploads\/2024\/10\/IMG_7396.jpg 640w, https:\/\/zeiss-orchester.de\/wp-content\/uploads\/2024\/10\/IMG_7396-300x225.jpg 300w, https:\/\/zeiss-orchester.de\/wp-content\/uploads\/2024\/10\/IMG_7396-624x468.jpg 624w\" sizes=\"auto, (max-width: 640px) 100vw, 640px\" \/><\/figure>\n\n\n\n<figure class=\"wp-block-image size-large\"><img loading=\"lazy\" decoding=\"async\" width=\"768\" height=\"1024\" data-id=\"3075\" src=\"https:\/\/zeiss-orchester.de\/wp-content\/uploads\/2024\/10\/Herbst-Rumaenien-Fenster-Ankes-Freunde-Sommer-768x1024.jpg\" alt=\"\" class=\"wp-image-3075\" srcset=\"https:\/\/zeiss-orchester.de\/wp-content\/uploads\/2024\/10\/Herbst-Rumaenien-Fenster-Ankes-Freunde-Sommer-768x1024.jpg 768w, https:\/\/zeiss-orchester.de\/wp-content\/uploads\/2024\/10\/Herbst-Rumaenien-Fenster-Ankes-Freunde-Sommer-225x300.jpg 225w, https:\/\/zeiss-orchester.de\/wp-content\/uploads\/2024\/10\/Herbst-Rumaenien-Fenster-Ankes-Freunde-Sommer-1152x1536.jpg 1152w, https:\/\/zeiss-orchester.de\/wp-content\/uploads\/2024\/10\/Herbst-Rumaenien-Fenster-Ankes-Freunde-Sommer-624x832.jpg 624w, https:\/\/zeiss-orchester.de\/wp-content\/uploads\/2024\/10\/Herbst-Rumaenien-Fenster-Ankes-Freunde-Sommer.jpg 1512w\" sizes=\"auto, (max-width: 768px) 100vw, 768px\" \/><\/figure>\n<\/figure>\n<\/div><\/div>\n\n\n\n<div class=\"wp-block-columns is-layout-flex wp-container-core-columns-is-layout-9d6595d7 wp-block-columns-is-layout-flex\">\n<div class=\"wp-block-column is-layout-flow wp-block-column-is-layout-flow\"><\/div>\n\n\n\n<div class=\"wp-block-column is-layout-flow wp-block-column-is-layout-flow\"><\/div>\n<\/div>\n\n\n\n<p>Wir freuen uns \u00fcber unser erfolgreiches und gut besuchtes Jubil\u00e4umskonzert.<\/p>\n\n\n\n<div data-wp-interactive=\"core\/file\" class=\"wp-block-file\"><object data-wp-bind--hidden=\"!state.hasPdfPreview\" hidden class=\"wp-block-file__embed\" data=\"https:\/\/zeiss-orchester.de\/wp-content\/uploads\/2024\/10\/Kritik-Hans-Lehmann_22-10-2024.pdf\" type=\"application\/pdf\" style=\"width:100%;height:360px\" aria-label=\"Einbettung von Kritik Hans Lehmann_22-10-2024.\"><\/object><a id=\"wp-block-file--media-46abd516-af83-426e-ae4f-422c0213c477\" href=\"https:\/\/zeiss-orchester.de\/wp-content\/uploads\/2024\/10\/Kritik-Hans-Lehmann_22-10-2024.pdf\">Kritik Hans Lehmann_22-10-2024<\/a><a href=\"https:\/\/zeiss-orchester.de\/wp-content\/uploads\/2024\/10\/Kritik-Hans-Lehmann_22-10-2024.pdf\" class=\"wp-block-file__button wp-element-button\" download aria-describedby=\"wp-block-file--media-46abd516-af83-426e-ae4f-422c0213c477\">Herunterladen<\/a><\/div>\n\n\n\n<p>Fotoimpressionen finden Sie in der Bildergalerie. Wir Laienmusiker wollen nicht lange rasten; Musizieren geh\u00f6rt zu unserem Leben. Deshalb beginnen wir schon jetzt mit den Proben f\u00fcr unser Weihnachtskonzert.<\/p>\n\n\n\n<p><\/p>\n\n<!-- Facebook Like Button Vivacity Infotech BEGIN -->\n<div class=\"fb-like\" data-href=\"https:\/\/zeiss-orchester.de\/?p=3018\" data-layout=\"button\" data-action=\"like\" data-show-faces=\"false\" data-size=\"small\" data-width=\"450\" data-share=\"1\" ><\/div>\n<!-- Facebook Like Button Vivacity Infotech END -->\n","protected":false},"excerpt":{"rendered":"<p>Wir freuen uns \u00fcber unser erfolgreiches und gut besuchtes Jubil\u00e4umskonzert. Fotoimpressionen finden Sie in der Bildergalerie. Wir Laienmusiker wollen nicht lange rasten; Musizieren geh\u00f6rt zu unserem Leben. Deshalb beginnen wir [&hellip;]<\/p>\n","protected":false},"author":2,"featured_media":0,"comment_status":"closed","ping_status":"closed","sticky":false,"template":"","format":"standard","meta":{"_price":"","_stock":"","_tribe_ticket_header":"","_tribe_default_ticket_provider":"","_tribe_ticket_capacity":"0","_ticket_start_date":"","_ticket_end_date":"","_tribe_ticket_show_description":"","_tribe_ticket_show_not_going":false,"_tribe_ticket_use_global_stock":"","_tribe_ticket_global_stock_level":"","_global_stock_mode":"","_global_stock_cap":"","_tribe_rsvp_for_event":"","_tribe_ticket_going_count":"","_tribe_ticket_not_going_count":"","_tribe_tickets_list":"[]","_tribe_ticket_has_attendee_info_fields":false,"footnotes":""},"categories":[1],"tags":[],"class_list":["post-3018","post","type-post","status-publish","format-standard","hentry","category-uncategorized"],"_links":{"self":[{"href":"https:\/\/zeiss-orchester.de\/index.php?rest_route=\/wp\/v2\/posts\/3018","targetHints":{"allow":["GET"]}}],"collection":[{"href":"https:\/\/zeiss-orchester.de\/index.php?rest_route=\/wp\/v2\/posts"}],"about":[{"href":"https:\/\/zeiss-orchester.de\/index.php?rest_route=\/wp\/v2\/types\/post"}],"author":[{"embeddable":true,"href":"https:\/\/zeiss-orchester.de\/index.php?rest_route=\/wp\/v2\/users\/2"}],"replies":[{"embeddable":true,"href":"https:\/\/zeiss-orchester.de\/index.php?rest_route=%2Fwp%2Fv2%2Fcomments&post=3018"}],"version-history":[{"count":9,"href":"https:\/\/zeiss-orchester.de\/index.php?rest_route=\/wp\/v2\/posts\/3018\/revisions"}],"predecessor-version":[{"id":3082,"href":"https:\/\/zeiss-orchester.de\/index.php?rest_route=\/wp\/v2\/posts\/3018\/revisions\/3082"}],"wp:attachment":[{"href":"https:\/\/zeiss-orchester.de\/index.php?rest_route=%2Fwp%2Fv2%2Fmedia&parent=3018"}],"wp:term":[{"taxonomy":"category","embeddable":true,"href":"https:\/\/zeiss-orchester.de\/index.php?rest_route=%2Fwp%2Fv2%2Fcategories&post=3018"},{"taxonomy":"post_tag","embeddable":true,"href":"https:\/\/zeiss-orchester.de\/index.php?rest_route=%2Fwp%2Fv2%2Ftags&post=3018"}],"curies":[{"name":"wp","href":"https:\/\/api.w.org\/{rel}","templated":true}]}}