{"id":2717,"date":"2023-10-22T18:39:04","date_gmt":"2023-10-22T16:39:04","guid":{"rendered":"https:\/\/zeiss-orchester.de\/?p=2717"},"modified":"2023-10-27T09:59:32","modified_gmt":"2023-10-27T07:59:32","slug":"unser-dirigent-roland-weske-hat-doppeljubilaeum","status":"publish","type":"post","link":"https:\/\/zeiss-orchester.de\/?p=2717","title":{"rendered":"Unser Dirigent Roland Weske hat Doppeljubil\u00e4um &#8211;      Nachlese zu unserem Herbstkonzert 2023"},"content":{"rendered":"\n<!-- Facebook Like Button Vivacity Infotech BEGIN -->\n<div class=\"fb-like\" data-href=\"https:\/\/zeiss-orchester.de\/?p=2717\" data-layout=\"button\" data-action=\"like\" data-show-faces=\"false\" data-size=\"small\" data-width=\"450\" data-share=\"1\" ><\/div>\n<!-- Facebook Like Button Vivacity Infotech END -->\n\n<p>Seit 35 Jahren hebt er den Taktstock f\u00fcr das Sinfonieorchester Carl Zeiss und bereits seit 60 Jahren ist er Mitglied unseres Orchesters. Mit 14 Jahren ging er an das Musikgymnasium &#8222;Belvedere&#8220; in Weimar&#8220;, mit 16 in das Arbeiterorchester der Zeiss- Werker in Jena &#8211; das sind seine  fr\u00fchen Entwicklungsschritte. Im Anschluss an das Musikstudium an der Weimarer &#8222;Franz-Liszt-Hochschule&#8220; wurde Herr Weske Geiger in unserem St\u00e4dtischen Berufsorchester, heute die &#8222;Jenaer Philharmonie&#8220;. Doch dem Laien-Sinfonieorchester &#8222;Carl Zeiss Jena&#8220; blieb er treu und brachte es \u00fcber die schwere Zeit des politischen Umbruchs.<\/p>\n\n\n\n<figure class=\"wp-block-image size-large\"><img loading=\"lazy\" decoding=\"async\" width=\"1024\" height=\"683\" src=\"https:\/\/zeiss-orchester.de\/wp-content\/uploads\/2023\/10\/2013-Fruehjahrskonzert-er-sticht-1024x683.jpg\" alt=\"\" class=\"wp-image-2722\" srcset=\"https:\/\/zeiss-orchester.de\/wp-content\/uploads\/2023\/10\/2013-Fruehjahrskonzert-er-sticht-1024x683.jpg 1024w, https:\/\/zeiss-orchester.de\/wp-content\/uploads\/2023\/10\/2013-Fruehjahrskonzert-er-sticht-300x200.jpg 300w, https:\/\/zeiss-orchester.de\/wp-content\/uploads\/2023\/10\/2013-Fruehjahrskonzert-er-sticht-768x512.jpg 768w, https:\/\/zeiss-orchester.de\/wp-content\/uploads\/2023\/10\/2013-Fruehjahrskonzert-er-sticht-1536x1024.jpg 1536w, https:\/\/zeiss-orchester.de\/wp-content\/uploads\/2023\/10\/2013-Fruehjahrskonzert-er-sticht-2048x1365.jpg 2048w, https:\/\/zeiss-orchester.de\/wp-content\/uploads\/2023\/10\/2013-Fruehjahrskonzert-er-sticht-624x416.jpg 624w\" sizes=\"auto, (max-width: 1024px) 100vw, 1024px\" \/><\/figure>\n\n\n\n<p>Aber lesen Sie selbst, was J\u00f6rdis Bachmann von der Funke-Mediengruppe im Interview  von Herrn Weske erfuhr: <\/p>\n\n\n\n<div data-wp-interactive=\"core\/file\" class=\"wp-block-file\"><object data-wp-bind--hidden=\"!state.hasPdfPreview\" hidden class=\"wp-block-file__embed\" data=\"https:\/\/zeiss-orchester.de\/wp-content\/uploads\/2023\/10\/Artikel-OTZ-Roland-vom-18.10.2023.pdf\" type=\"application\/pdf\" style=\"width:100%;height:600px\" aria-label=\"Einbettung von Beitrag vom 18.10.2023 in TLZ und OTZ.\"><\/object><a id=\"wp-block-file--media-fd439895-e2b6-4bb3-b6e4-8e6aeda1d8ad\" href=\"https:\/\/zeiss-orchester.de\/wp-content\/uploads\/2023\/10\/Artikel-OTZ-Roland-vom-18.10.2023.pdf\">Beitrag vom 18.10.2023 in TLZ und OTZ<\/a><a href=\"https:\/\/zeiss-orchester.de\/wp-content\/uploads\/2023\/10\/Artikel-OTZ-Roland-vom-18.10.2023.pdf\" class=\"wp-block-file__button wp-element-button\" download aria-describedby=\"wp-block-file--media-fd439895-e2b6-4bb3-b6e4-8e6aeda1d8ad\">Herunterladen<\/a><\/div>\n\n\n\n<p><\/p>\n\n\n\n<div class=\"wp-block-group\"><div class=\"wp-block-group__inner-container is-layout-constrained wp-block-group-is-layout-constrained\">\n<figure class=\"wp-block-gallery has-nested-images columns-default is-cropped wp-block-gallery-1 is-layout-flex wp-block-gallery-is-layout-flex\">\n<figure class=\"wp-block-image size-large\"><img loading=\"lazy\" decoding=\"async\" width=\"1024\" height=\"576\" data-id=\"2733\" src=\"https:\/\/zeiss-orchester.de\/wp-content\/uploads\/2023\/10\/20231021_181828-1024x576.jpg\" alt=\"\" class=\"wp-image-2733\" srcset=\"https:\/\/zeiss-orchester.de\/wp-content\/uploads\/2023\/10\/20231021_181828-1024x576.jpg 1024w, https:\/\/zeiss-orchester.de\/wp-content\/uploads\/2023\/10\/20231021_181828-300x169.jpg 300w, https:\/\/zeiss-orchester.de\/wp-content\/uploads\/2023\/10\/20231021_181828-768x432.jpg 768w, https:\/\/zeiss-orchester.de\/wp-content\/uploads\/2023\/10\/20231021_181828-1536x864.jpg 1536w, https:\/\/zeiss-orchester.de\/wp-content\/uploads\/2023\/10\/20231021_181828-2048x1152.jpg 2048w, https:\/\/zeiss-orchester.de\/wp-content\/uploads\/2023\/10\/20231021_181828-624x351.jpg 624w\" sizes=\"auto, (max-width: 1024px) 100vw, 1024px\" \/><figcaption class=\"wp-element-caption\">Goldene Ehrennadel vom Landesmusikrat <\/figcaption><\/figure>\n\n\n\n<figure class=\"wp-block-image size-large\"><img loading=\"lazy\" decoding=\"async\" width=\"1024\" height=\"576\" data-id=\"2732\" src=\"https:\/\/zeiss-orchester.de\/wp-content\/uploads\/2023\/10\/20231021_182138-4-1024x576.jpg\" alt=\"\" class=\"wp-image-2732\" srcset=\"https:\/\/zeiss-orchester.de\/wp-content\/uploads\/2023\/10\/20231021_182138-4-1024x576.jpg 1024w, https:\/\/zeiss-orchester.de\/wp-content\/uploads\/2023\/10\/20231021_182138-4-300x169.jpg 300w, https:\/\/zeiss-orchester.de\/wp-content\/uploads\/2023\/10\/20231021_182138-4-768x432.jpg 768w, https:\/\/zeiss-orchester.de\/wp-content\/uploads\/2023\/10\/20231021_182138-4-1536x864.jpg 1536w, https:\/\/zeiss-orchester.de\/wp-content\/uploads\/2023\/10\/20231021_182138-4-2048x1152.jpg 2048w, https:\/\/zeiss-orchester.de\/wp-content\/uploads\/2023\/10\/20231021_182138-4-624x351.jpg 624w\" sizes=\"auto, (max-width: 1024px) 100vw, 1024px\" \/><figcaption class=\"wp-element-caption\">\u00dcbergabe Ehrenamtsurkunde<\/figcaption><\/figure>\n\n\n\n<figure class=\"wp-block-image size-large\"><img loading=\"lazy\" decoding=\"async\" width=\"1024\" height=\"505\" data-id=\"2729\" src=\"https:\/\/zeiss-orchester.de\/wp-content\/uploads\/2023\/10\/IMG-20231021-WA0005-von-Gabi.jpg\" alt=\"\" class=\"wp-image-2729\" srcset=\"https:\/\/zeiss-orchester.de\/wp-content\/uploads\/2023\/10\/IMG-20231021-WA0005-von-Gabi.jpg 1024w, https:\/\/zeiss-orchester.de\/wp-content\/uploads\/2023\/10\/IMG-20231021-WA0005-von-Gabi-300x148.jpg 300w, https:\/\/zeiss-orchester.de\/wp-content\/uploads\/2023\/10\/IMG-20231021-WA0005-von-Gabi-768x379.jpg 768w, https:\/\/zeiss-orchester.de\/wp-content\/uploads\/2023\/10\/IMG-20231021-WA0005-von-Gabi-624x308.jpg 624w\" sizes=\"auto, (max-width: 1024px) 100vw, 1024px\" \/><figcaption class=\"wp-element-caption\">Liebesduett<\/figcaption><\/figure>\n<\/figure>\n<\/div><\/div>\n\n\n\n<p>Zum Herbstkonzert 2023 wurde Herr Weske vom Landesmusikrat Th\u00fcringens, vertreten durch Frau Heise, und vom Verband th\u00fcringer Laienorchester, vertreten durch seinen Pr\u00e4sidenten Herrn Birckner geehrt.<\/p>\n\n\n\n<figure class=\"wp-block-gallery has-nested-images columns-default is-cropped wp-block-gallery-2 is-layout-flex wp-block-gallery-is-layout-flex\">\n<figure class=\"wp-block-image size-large\"><img loading=\"lazy\" decoding=\"async\" width=\"768\" height=\"1024\" data-id=\"2736\" src=\"https:\/\/zeiss-orchester.de\/wp-content\/uploads\/2023\/10\/IMG-20231021-WA0009-768x1024.jpg\" alt=\"\" class=\"wp-image-2736\" srcset=\"https:\/\/zeiss-orchester.de\/wp-content\/uploads\/2023\/10\/IMG-20231021-WA0009-768x1024.jpg 768w, https:\/\/zeiss-orchester.de\/wp-content\/uploads\/2023\/10\/IMG-20231021-WA0009-225x300.jpg 225w, https:\/\/zeiss-orchester.de\/wp-content\/uploads\/2023\/10\/IMG-20231021-WA0009-1152x1536.jpg 1152w, https:\/\/zeiss-orchester.de\/wp-content\/uploads\/2023\/10\/IMG-20231021-WA0009-624x832.jpg 624w, https:\/\/zeiss-orchester.de\/wp-content\/uploads\/2023\/10\/IMG-20231021-WA0009.jpg 1200w\" sizes=\"auto, (max-width: 768px) 100vw, 768px\" \/><figcaption class=\"wp-element-caption\">Begeisterter Applaus<\/figcaption><\/figure>\n\n\n\n<figure class=\"wp-block-image size-large\"><img loading=\"lazy\" decoding=\"async\" width=\"768\" height=\"1024\" data-id=\"2730\" src=\"https:\/\/zeiss-orchester.de\/wp-content\/uploads\/2023\/10\/IMG-20231021-WA0008-Glas-oben-768x1024.jpg\" alt=\"\" class=\"wp-image-2730\" srcset=\"https:\/\/zeiss-orchester.de\/wp-content\/uploads\/2023\/10\/IMG-20231021-WA0008-Glas-oben-768x1024.jpg 768w, https:\/\/zeiss-orchester.de\/wp-content\/uploads\/2023\/10\/IMG-20231021-WA0008-Glas-oben-225x300.jpg 225w, https:\/\/zeiss-orchester.de\/wp-content\/uploads\/2023\/10\/IMG-20231021-WA0008-Glas-oben-1152x1536.jpg 1152w, https:\/\/zeiss-orchester.de\/wp-content\/uploads\/2023\/10\/IMG-20231021-WA0008-Glas-oben-624x832.jpg 624w, https:\/\/zeiss-orchester.de\/wp-content\/uploads\/2023\/10\/IMG-20231021-WA0008-Glas-oben.jpg 1536w\" sizes=\"auto, (max-width: 768px) 100vw, 768px\" \/><figcaption class=\"wp-element-caption\">Nach dem Trinklied aus &#8222;La Traviata&#8220;<\/figcaption><\/figure>\n\n\n\n<figure class=\"wp-block-image size-large\"><img loading=\"lazy\" decoding=\"async\" width=\"768\" height=\"1024\" data-id=\"2731\" src=\"https:\/\/zeiss-orchester.de\/wp-content\/uploads\/2023\/10\/IMG-20231021-WA0006-768x1024.jpg\" alt=\"\" class=\"wp-image-2731\" srcset=\"https:\/\/zeiss-orchester.de\/wp-content\/uploads\/2023\/10\/IMG-20231021-WA0006-768x1024.jpg 768w, https:\/\/zeiss-orchester.de\/wp-content\/uploads\/2023\/10\/IMG-20231021-WA0006-225x300.jpg 225w, https:\/\/zeiss-orchester.de\/wp-content\/uploads\/2023\/10\/IMG-20231021-WA0006-1152x1536.jpg 1152w, https:\/\/zeiss-orchester.de\/wp-content\/uploads\/2023\/10\/IMG-20231021-WA0006-624x832.jpg 624w, https:\/\/zeiss-orchester.de\/wp-content\/uploads\/2023\/10\/IMG-20231021-WA0006.jpg 1536w\" sizes=\"auto, (max-width: 768px) 100vw, 768px\" \/><figcaption class=\"wp-element-caption\">Gratulanten unseres Landes Th\u00fcringen<\/figcaption><\/figure>\n<\/figure>\n\n\n\n<figure class=\"wp-block-image size-full\"><img loading=\"lazy\" decoding=\"async\" width=\"984\" height=\"404\" src=\"https:\/\/zeiss-orchester.de\/wp-content\/uploads\/2023\/10\/Kritik-von-Hans-Lehmann-OTZ-25.10.23-rotated-e1698392821937.jpg\" alt=\"\" class=\"wp-image-2757\" srcset=\"https:\/\/zeiss-orchester.de\/wp-content\/uploads\/2023\/10\/Kritik-von-Hans-Lehmann-OTZ-25.10.23-rotated-e1698392821937.jpg 984w, https:\/\/zeiss-orchester.de\/wp-content\/uploads\/2023\/10\/Kritik-von-Hans-Lehmann-OTZ-25.10.23-rotated-e1698392821937-300x123.jpg 300w, https:\/\/zeiss-orchester.de\/wp-content\/uploads\/2023\/10\/Kritik-von-Hans-Lehmann-OTZ-25.10.23-rotated-e1698392821937-768x315.jpg 768w, https:\/\/zeiss-orchester.de\/wp-content\/uploads\/2023\/10\/Kritik-von-Hans-Lehmann-OTZ-25.10.23-rotated-e1698392821937-624x256.jpg 624w\" sizes=\"auto, (max-width: 984px) 100vw, 984px\" \/><\/figure>\n\n\n\n<p>H\u00f6r-Kostprobe: Der Ernst-Abbe-Saal unseres Volkshauses wird eingenommen von unserer Musik! &#8222;<em><strong>Meine Lippen, sie k\u00fcssen so hei\u00df<\/strong><\/em>&#8220; aus der musikalischen Kom\u00f6die \u201eGiuditta\u201c von Franz Lehar &#8211; h\u00f6ren Sie hinein &#8211; unten links auf das Dreieck klicken. <\/p>\n\n\n\n<figure class=\"wp-block-video\"><video height=\"848\" style=\"aspect-ratio: 480 \/ 848;\" width=\"480\" controls src=\"https:\/\/zeiss-orchester.de\/wp-content\/uploads\/2023\/10\/VID-20231024-Meine-Lippen-kuessen.mp4\"><\/video><\/figure>\n\n<!-- Facebook Like Button Vivacity Infotech BEGIN -->\n<div class=\"fb-like\" data-href=\"https:\/\/zeiss-orchester.de\/?p=2717\" data-layout=\"button\" data-action=\"like\" data-show-faces=\"false\" data-size=\"small\" data-width=\"450\" data-share=\"1\" ><\/div>\n<!-- Facebook Like Button Vivacity Infotech END -->\n","protected":false},"excerpt":{"rendered":"<p>Seit 35 Jahren hebt er den Taktstock f\u00fcr das Sinfonieorchester Carl Zeiss und bereits seit 60 Jahren ist er Mitglied unseres Orchesters. Mit 14 Jahren ging er an das Musikgymnasium [&hellip;]<\/p>\n","protected":false},"author":2,"featured_media":0,"comment_status":"closed","ping_status":"closed","sticky":false,"template":"","format":"standard","meta":{"_price":"","_stock":"","_tribe_ticket_header":"","_tribe_default_ticket_provider":"","_tribe_ticket_capacity":"0","_ticket_start_date":"","_ticket_end_date":"","_tribe_ticket_show_description":"","_tribe_ticket_show_not_going":false,"_tribe_ticket_use_global_stock":"","_tribe_ticket_global_stock_level":"","_global_stock_mode":"","_global_stock_cap":"","_tribe_rsvp_for_event":"","_tribe_ticket_going_count":"","_tribe_ticket_not_going_count":"","_tribe_tickets_list":"[]","_tribe_ticket_has_attendee_info_fields":false,"footnotes":""},"categories":[1],"tags":[],"class_list":["post-2717","post","type-post","status-publish","format-standard","hentry","category-uncategorized"],"_links":{"self":[{"href":"https:\/\/zeiss-orchester.de\/index.php?rest_route=\/wp\/v2\/posts\/2717","targetHints":{"allow":["GET"]}}],"collection":[{"href":"https:\/\/zeiss-orchester.de\/index.php?rest_route=\/wp\/v2\/posts"}],"about":[{"href":"https:\/\/zeiss-orchester.de\/index.php?rest_route=\/wp\/v2\/types\/post"}],"author":[{"embeddable":true,"href":"https:\/\/zeiss-orchester.de\/index.php?rest_route=\/wp\/v2\/users\/2"}],"replies":[{"embeddable":true,"href":"https:\/\/zeiss-orchester.de\/index.php?rest_route=%2Fwp%2Fv2%2Fcomments&post=2717"}],"version-history":[{"count":8,"href":"https:\/\/zeiss-orchester.de\/index.php?rest_route=\/wp\/v2\/posts\/2717\/revisions"}],"predecessor-version":[{"id":2763,"href":"https:\/\/zeiss-orchester.de\/index.php?rest_route=\/wp\/v2\/posts\/2717\/revisions\/2763"}],"wp:attachment":[{"href":"https:\/\/zeiss-orchester.de\/index.php?rest_route=%2Fwp%2Fv2%2Fmedia&parent=2717"}],"wp:term":[{"taxonomy":"category","embeddable":true,"href":"https:\/\/zeiss-orchester.de\/index.php?rest_route=%2Fwp%2Fv2%2Fcategories&post=2717"},{"taxonomy":"post_tag","embeddable":true,"href":"https:\/\/zeiss-orchester.de\/index.php?rest_route=%2Fwp%2Fv2%2Ftags&post=2717"}],"curies":[{"name":"wp","href":"https:\/\/api.w.org\/{rel}","templated":true}]}}