{"id":2634,"date":"2023-07-08T20:16:44","date_gmt":"2023-07-08T18:16:44","guid":{"rendered":"https:\/\/zeiss-orchester.de\/?p=2634"},"modified":"2023-10-27T14:10:26","modified_gmt":"2023-10-27T12:10:26","slug":"salut-damore-im-herbst","status":"publish","type":"post","link":"https:\/\/zeiss-orchester.de\/?p=2634","title":{"rendered":"Salut d&#8217;amour zum Herbstkonzert 2023"},"content":{"rendered":"\n<!-- Facebook Like Button Vivacity Infotech BEGIN -->\n<div class=\"fb-like\" data-href=\"https:\/\/zeiss-orchester.de\/?p=2634\" data-layout=\"button\" data-action=\"like\" data-show-faces=\"false\" data-size=\"small\" data-width=\"450\" data-share=\"1\" ><\/div>\n<!-- Facebook Like Button Vivacity Infotech END -->\n\n<p><strong>Unser Herbstkonzert bringt Liebesgr\u00fc\u00dfe ins Volkshaus&nbsp;<\/strong><\/p>\n\n\n\n<figure class=\"wp-block-image size-large\"><img loading=\"lazy\" decoding=\"async\" width=\"1024\" height=\"576\" src=\"https:\/\/zeiss-orchester.de\/wp-content\/uploads\/2023\/10\/20230926_110213-Volkshaus-1024x576.jpg\" alt=\"\" class=\"wp-image-2691\" srcset=\"https:\/\/zeiss-orchester.de\/wp-content\/uploads\/2023\/10\/20230926_110213-Volkshaus-1024x576.jpg 1024w, https:\/\/zeiss-orchester.de\/wp-content\/uploads\/2023\/10\/20230926_110213-Volkshaus-300x169.jpg 300w, https:\/\/zeiss-orchester.de\/wp-content\/uploads\/2023\/10\/20230926_110213-Volkshaus-768x432.jpg 768w, https:\/\/zeiss-orchester.de\/wp-content\/uploads\/2023\/10\/20230926_110213-Volkshaus-1536x864.jpg 1536w, https:\/\/zeiss-orchester.de\/wp-content\/uploads\/2023\/10\/20230926_110213-Volkshaus-2048x1152.jpg 2048w, https:\/\/zeiss-orchester.de\/wp-content\/uploads\/2023\/10\/20230926_110213-Volkshaus-624x351.jpg 624w\" sizes=\"auto, (max-width: 1024px) 100vw, 1024px\" \/><\/figure>\n\n\n\n<p>Am Samstag, 21. Oktober ab 17 Uhr bringen wir gemeinsam mit drei S\u00e4ngerInnen der Weimarer Musikhochschule &#8222;Franz Liszt&#8220;  Liebesgr\u00fc\u00dfe ins Jenaer Volkshaus.  Es erklingen unter dem Titel &#8222;Salut d&#8217;amour&#8220;&#8220; bekannte und unbekannte Melodien von Edgar Elgar, Richard Wagner, Max Reger, Bedrich Smetana, Johann Strau\u00df und anderen. Auch die Sinfonie &#8222;Hochzeit auf Himmelpind&#8220; von Jacob Gade&nbsp; wird zu h\u00f6ren sein. Eine besondere musikalische Freude m\u00f6chten wir mit einer Kostprobe aus der recht unbekannten Oper &#8222;Der Ku\u00df&#8220; von Bed\u0159ich Smetana bereiten.<\/p>\n\n\n\n<p>Genauere Informationen erhalten Sie unter &#8222;KONZERTE&#8220;. <\/p>\n\n\n\n<p><\/p>\n\n<!-- Facebook Like Button Vivacity Infotech BEGIN -->\n<div class=\"fb-like\" data-href=\"https:\/\/zeiss-orchester.de\/?p=2634\" data-layout=\"button\" data-action=\"like\" data-show-faces=\"false\" data-size=\"small\" data-width=\"450\" data-share=\"1\" ><\/div>\n<!-- Facebook Like Button Vivacity Infotech END -->\n","protected":false},"excerpt":{"rendered":"<p>Unser Herbstkonzert bringt Liebesgr\u00fc\u00dfe ins Volkshaus&nbsp; Am Samstag, 21. Oktober ab 17 Uhr bringen wir gemeinsam mit drei S\u00e4ngerInnen der Weimarer Musikhochschule &#8222;Franz Liszt&#8220; Liebesgr\u00fc\u00dfe ins Jenaer Volkshaus. Es erklingen [&hellip;]<\/p>\n","protected":false},"author":2,"featured_media":0,"comment_status":"closed","ping_status":"closed","sticky":false,"template":"","format":"standard","meta":{"_price":"","_stock":"","_tribe_ticket_header":"","_tribe_default_ticket_provider":"","_tribe_ticket_capacity":"0","_ticket_start_date":"","_ticket_end_date":"","_tribe_ticket_show_description":"","_tribe_ticket_show_not_going":false,"_tribe_ticket_use_global_stock":"","_tribe_ticket_global_stock_level":"","_global_stock_mode":"","_global_stock_cap":"","_tribe_rsvp_for_event":"","_tribe_ticket_going_count":"","_tribe_ticket_not_going_count":"","_tribe_tickets_list":"[]","_tribe_ticket_has_attendee_info_fields":false,"footnotes":""},"categories":[1],"tags":[],"class_list":["post-2634","post","type-post","status-publish","format-standard","hentry","category-uncategorized"],"_links":{"self":[{"href":"https:\/\/zeiss-orchester.de\/index.php?rest_route=\/wp\/v2\/posts\/2634","targetHints":{"allow":["GET"]}}],"collection":[{"href":"https:\/\/zeiss-orchester.de\/index.php?rest_route=\/wp\/v2\/posts"}],"about":[{"href":"https:\/\/zeiss-orchester.de\/index.php?rest_route=\/wp\/v2\/types\/post"}],"author":[{"embeddable":true,"href":"https:\/\/zeiss-orchester.de\/index.php?rest_route=\/wp\/v2\/users\/2"}],"replies":[{"embeddable":true,"href":"https:\/\/zeiss-orchester.de\/index.php?rest_route=%2Fwp%2Fv2%2Fcomments&post=2634"}],"version-history":[{"count":7,"href":"https:\/\/zeiss-orchester.de\/index.php?rest_route=\/wp\/v2\/posts\/2634\/revisions"}],"predecessor-version":[{"id":2764,"href":"https:\/\/zeiss-orchester.de\/index.php?rest_route=\/wp\/v2\/posts\/2634\/revisions\/2764"}],"wp:attachment":[{"href":"https:\/\/zeiss-orchester.de\/index.php?rest_route=%2Fwp%2Fv2%2Fmedia&parent=2634"}],"wp:term":[{"taxonomy":"category","embeddable":true,"href":"https:\/\/zeiss-orchester.de\/index.php?rest_route=%2Fwp%2Fv2%2Fcategories&post=2634"},{"taxonomy":"post_tag","embeddable":true,"href":"https:\/\/zeiss-orchester.de\/index.php?rest_route=%2Fwp%2Fv2%2Ftags&post=2634"}],"curies":[{"name":"wp","href":"https:\/\/api.w.org\/{rel}","templated":true}]}}