{"id":2609,"date":"2023-04-24T19:19:43","date_gmt":"2023-04-24T17:19:43","guid":{"rendered":"https:\/\/zeiss-orchester.de\/?p=2609"},"modified":"2024-11-10T17:30:53","modified_gmt":"2024-11-10T16:30:53","slug":"unser-kurkonzert-in-bad-klosterlausnitz","status":"publish","type":"post","link":"https:\/\/zeiss-orchester.de\/?p=2609","title":{"rendered":"Unser Kurkonzert 2023 in Bad Klosterlausnitz"},"content":{"rendered":"\n<!-- Facebook Like Button Vivacity Infotech BEGIN -->\n<div class=\"fb-like\" data-href=\"https:\/\/zeiss-orchester.de\/?p=2609\" data-layout=\"button\" data-action=\"like\" data-show-faces=\"false\" data-size=\"small\" data-width=\"450\" data-share=\"1\" ><\/div>\n<!-- Facebook Like Button Vivacity Infotech END -->\n\n<p>Ein Event f\u00fcr Patienten, Angeh\u00f6rige und Orchesterfreunde! <\/p>\n\n\n\n<figure class=\"wp-block-image size-large\"><img loading=\"lazy\" decoding=\"async\" width=\"1024\" height=\"768\" src=\"https:\/\/zeiss-orchester.de\/wp-content\/uploads\/2023\/06\/IMG-20230611-WA0026-1024x768.jpg\" alt=\"\" class=\"wp-image-2625\" srcset=\"https:\/\/zeiss-orchester.de\/wp-content\/uploads\/2023\/06\/IMG-20230611-WA0026-1024x768.jpg 1024w, https:\/\/zeiss-orchester.de\/wp-content\/uploads\/2023\/06\/IMG-20230611-WA0026-300x225.jpg 300w, https:\/\/zeiss-orchester.de\/wp-content\/uploads\/2023\/06\/IMG-20230611-WA0026-768x576.jpg 768w, https:\/\/zeiss-orchester.de\/wp-content\/uploads\/2023\/06\/IMG-20230611-WA0026-1536x1152.jpg 1536w, https:\/\/zeiss-orchester.de\/wp-content\/uploads\/2023\/06\/IMG-20230611-WA0026-624x468.jpg 624w, https:\/\/zeiss-orchester.de\/wp-content\/uploads\/2023\/06\/IMG-20230611-WA0026.jpg 1824w\" sizes=\"auto, (max-width: 1024px) 100vw, 1024px\" \/><figcaption class=\"wp-element-caption\">Die Open-Air-Konzertb\u00fchne im Kurpark Bad Klosterlausnitz<\/figcaption><\/figure>\n\n\n\n<p>Am <strong>Sonntag, 11. Juni 2023 um 14.30 Uhr<\/strong> gaben wir im Kurpark Bad Klosterlausnitz gleich gegen\u00fcber der Moritzklinik ein Kurkonzert. Das Wetter war sommerlich warm und die Zuschauerreihen gef\u00fcllt. Es kam beste Laune auf. Wir konnten Patienten und ihre Angeh\u00f6rigen sowie Bewohner auch der umliegenden Orte mit unseren beschwingten Melodien erfreuen. Auch einige bekannte Gesichter aus unserem Jenaer Stammpublikum waren zu sehen. Das war ein gelungenes Kurkonzert!<\/p>\n\n\n\n<div class=\"wp-block-columns is-layout-flex wp-container-core-columns-is-layout-9d6595d7 wp-block-columns-is-layout-flex\">\n<div class=\"wp-block-column is-layout-flow wp-block-column-is-layout-flow\" style=\"flex-basis:100%\">\n<div class=\"wp-block-columns is-layout-flex wp-container-core-columns-is-layout-9d6595d7 wp-block-columns-is-layout-flex\">\n<div class=\"wp-block-column is-layout-flow wp-block-column-is-layout-flow\" style=\"flex-basis:100%\">\n<figure class=\"wp-block-gallery has-nested-images columns-default is-cropped wp-block-gallery-1 is-layout-flex wp-block-gallery-is-layout-flex\">\n<figure class=\"wp-block-image size-large\"><img loading=\"lazy\" decoding=\"async\" width=\"1024\" height=\"576\" data-id=\"2598\" src=\"https:\/\/zeiss-orchester.de\/wp-content\/uploads\/2023\/04\/20230422_111518-1024x576.jpg\" alt=\"\" class=\"wp-image-2598\" srcset=\"https:\/\/zeiss-orchester.de\/wp-content\/uploads\/2023\/04\/20230422_111518-1024x576.jpg 1024w, https:\/\/zeiss-orchester.de\/wp-content\/uploads\/2023\/04\/20230422_111518-300x169.jpg 300w, https:\/\/zeiss-orchester.de\/wp-content\/uploads\/2023\/04\/20230422_111518-768x432.jpg 768w, https:\/\/zeiss-orchester.de\/wp-content\/uploads\/2023\/04\/20230422_111518-1536x864.jpg 1536w, https:\/\/zeiss-orchester.de\/wp-content\/uploads\/2023\/04\/20230422_111518-2048x1152.jpg 2048w, https:\/\/zeiss-orchester.de\/wp-content\/uploads\/2023\/04\/20230422_111518-624x351.jpg 624w\" sizes=\"auto, (max-width: 1024px) 100vw, 1024px\" \/><figcaption class=\"wp-element-caption\">Eingang zum Kurpark<\/figcaption><\/figure>\n\n\n\n<figure class=\"wp-block-image size-large\"><img loading=\"lazy\" decoding=\"async\" width=\"576\" height=\"1024\" data-id=\"2596\" src=\"https:\/\/zeiss-orchester.de\/wp-content\/uploads\/2023\/04\/5-576x1024.jpg\" alt=\"\" class=\"wp-image-2596\" srcset=\"https:\/\/zeiss-orchester.de\/wp-content\/uploads\/2023\/04\/5-576x1024.jpg 576w, https:\/\/zeiss-orchester.de\/wp-content\/uploads\/2023\/04\/5-169x300.jpg 169w, https:\/\/zeiss-orchester.de\/wp-content\/uploads\/2023\/04\/5-768x1365.jpg 768w, https:\/\/zeiss-orchester.de\/wp-content\/uploads\/2023\/04\/5-864x1536.jpg 864w, https:\/\/zeiss-orchester.de\/wp-content\/uploads\/2023\/04\/5-1152x2048.jpg 1152w, https:\/\/zeiss-orchester.de\/wp-content\/uploads\/2023\/04\/5-624x1109.jpg 624w, https:\/\/zeiss-orchester.de\/wp-content\/uploads\/2023\/04\/5-scaled.jpg 1440w\" sizes=\"auto, (max-width: 576px) 100vw, 576px\" \/><figcaption class=\"wp-element-caption\">Voliere<\/figcaption><\/figure>\n\n\n\n<figure class=\"wp-block-image size-large\"><img loading=\"lazy\" decoding=\"async\" width=\"576\" height=\"1024\" data-id=\"2597\" src=\"https:\/\/zeiss-orchester.de\/wp-content\/uploads\/2023\/04\/6-576x1024.jpg\" alt=\"\" class=\"wp-image-2597\" srcset=\"https:\/\/zeiss-orchester.de\/wp-content\/uploads\/2023\/04\/6-576x1024.jpg 576w, https:\/\/zeiss-orchester.de\/wp-content\/uploads\/2023\/04\/6-169x300.jpg 169w, https:\/\/zeiss-orchester.de\/wp-content\/uploads\/2023\/04\/6-768x1365.jpg 768w, https:\/\/zeiss-orchester.de\/wp-content\/uploads\/2023\/04\/6-864x1536.jpg 864w, https:\/\/zeiss-orchester.de\/wp-content\/uploads\/2023\/04\/6-1152x2048.jpg 1152w, https:\/\/zeiss-orchester.de\/wp-content\/uploads\/2023\/04\/6-624x1109.jpg 624w, https:\/\/zeiss-orchester.de\/wp-content\/uploads\/2023\/04\/6-scaled.jpg 1440w\" sizes=\"auto, (max-width: 576px) 100vw, 576px\" \/><figcaption class=\"wp-element-caption\">Teich mit Font\u00e4ne<\/figcaption><\/figure>\n<\/figure>\n<\/div>\n<\/div>\n<\/div>\n<\/div>\n\n<!-- Facebook Like Button Vivacity Infotech BEGIN -->\n<div class=\"fb-like\" data-href=\"https:\/\/zeiss-orchester.de\/?p=2609\" data-layout=\"button\" data-action=\"like\" data-show-faces=\"false\" data-size=\"small\" data-width=\"450\" data-share=\"1\" ><\/div>\n<!-- Facebook Like Button Vivacity Infotech END -->\n","protected":false},"excerpt":{"rendered":"<p>Ein Event f\u00fcr Patienten, Angeh\u00f6rige und Orchesterfreunde! Am Sonntag, 11. Juni 2023 um 14.30 Uhr gaben wir im Kurpark Bad Klosterlausnitz gleich gegen\u00fcber der Moritzklinik ein Kurkonzert. Das Wetter war [&hellip;]<\/p>\n","protected":false},"author":2,"featured_media":0,"comment_status":"closed","ping_status":"closed","sticky":false,"template":"","format":"standard","meta":{"_price":"","_stock":"","_tribe_ticket_header":"","_tribe_default_ticket_provider":"","_tribe_ticket_capacity":"0","_ticket_start_date":"","_ticket_end_date":"","_tribe_ticket_show_description":"","_tribe_ticket_show_not_going":false,"_tribe_ticket_use_global_stock":"","_tribe_ticket_global_stock_level":"","_global_stock_mode":"","_global_stock_cap":"","_tribe_rsvp_for_event":"","_tribe_ticket_going_count":"","_tribe_ticket_not_going_count":"","_tribe_tickets_list":"[]","_tribe_ticket_has_attendee_info_fields":false,"footnotes":""},"categories":[1],"tags":[16,17],"class_list":["post-2609","post","type-post","status-publish","format-standard","hentry","category-uncategorized","tag-kurkonzert","tag-zeiss-orchester"],"_links":{"self":[{"href":"https:\/\/zeiss-orchester.de\/index.php?rest_route=\/wp\/v2\/posts\/2609","targetHints":{"allow":["GET"]}}],"collection":[{"href":"https:\/\/zeiss-orchester.de\/index.php?rest_route=\/wp\/v2\/posts"}],"about":[{"href":"https:\/\/zeiss-orchester.de\/index.php?rest_route=\/wp\/v2\/types\/post"}],"author":[{"embeddable":true,"href":"https:\/\/zeiss-orchester.de\/index.php?rest_route=\/wp\/v2\/users\/2"}],"replies":[{"embeddable":true,"href":"https:\/\/zeiss-orchester.de\/index.php?rest_route=%2Fwp%2Fv2%2Fcomments&post=2609"}],"version-history":[{"count":4,"href":"https:\/\/zeiss-orchester.de\/index.php?rest_route=\/wp\/v2\/posts\/2609\/revisions"}],"predecessor-version":[{"id":3072,"href":"https:\/\/zeiss-orchester.de\/index.php?rest_route=\/wp\/v2\/posts\/2609\/revisions\/3072"}],"wp:attachment":[{"href":"https:\/\/zeiss-orchester.de\/index.php?rest_route=%2Fwp%2Fv2%2Fmedia&parent=2609"}],"wp:term":[{"taxonomy":"category","embeddable":true,"href":"https:\/\/zeiss-orchester.de\/index.php?rest_route=%2Fwp%2Fv2%2Fcategories&post=2609"},{"taxonomy":"post_tag","embeddable":true,"href":"https:\/\/zeiss-orchester.de\/index.php?rest_route=%2Fwp%2Fv2%2Ftags&post=2609"}],"curies":[{"name":"wp","href":"https:\/\/api.w.org\/{rel}","templated":true}]}}