{"id":2510,"date":"2022-12-27T06:21:54","date_gmt":"2022-12-27T05:21:54","guid":{"rendered":"https:\/\/zeiss-orchester.de\/?p=2510"},"modified":"2023-04-18T05:57:18","modified_gmt":"2023-04-18T03:57:18","slug":"start-in-das-jahr-2023","status":"publish","type":"post","link":"https:\/\/zeiss-orchester.de\/?p=2510","title":{"rendered":"Start in das Jahr 2023 mit Gesang im Fr\u00fchling"},"content":{"rendered":"\n<!-- Facebook Like Button Vivacity Infotech BEGIN -->\n<div class=\"fb-like\" data-href=\"https:\/\/zeiss-orchester.de\/?p=2510\" data-layout=\"button\" data-action=\"like\" data-show-faces=\"false\" data-size=\"small\" data-width=\"450\" data-share=\"1\" ><\/div>\n<!-- Facebook Like Button Vivacity Infotech END -->\n\n<p>2023 werden wir wieder drei Konzerte im Jenaer Volkshaus geben, die Termine und genauere Darstellungen zum Programm finden Sie unter &#8222;KONZERTE&#8220;. <\/p>\n\n\n\n<figure class=\"wp-block-image size-large\"><img loading=\"lazy\" decoding=\"async\" width=\"1024\" height=\"768\" src=\"https:\/\/zeiss-orchester.de\/wp-content\/uploads\/2023\/04\/20200417_160523-1024x768.jpg\" alt=\"\" class=\"wp-image-2588\" srcset=\"https:\/\/zeiss-orchester.de\/wp-content\/uploads\/2023\/04\/20200417_160523-1024x768.jpg 1024w, https:\/\/zeiss-orchester.de\/wp-content\/uploads\/2023\/04\/20200417_160523-300x225.jpg 300w, https:\/\/zeiss-orchester.de\/wp-content\/uploads\/2023\/04\/20200417_160523-768x576.jpg 768w, https:\/\/zeiss-orchester.de\/wp-content\/uploads\/2023\/04\/20200417_160523-1536x1152.jpg 1536w, https:\/\/zeiss-orchester.de\/wp-content\/uploads\/2023\/04\/20200417_160523-2048x1536.jpg 2048w, https:\/\/zeiss-orchester.de\/wp-content\/uploads\/2023\/04\/20200417_160523-624x468.jpg 624w\" sizes=\"auto, (max-width: 1024px) 100vw, 1024px\" \/><\/figure>\n\n\n\n<p> In unserem Fr\u00fchlingskonzert wird es um &#8222;Geld oder Liebe&#8220; gehen. In unserem abwechslungsreichen Programm werden u.a. ein Bettelstudent, Goldregen und der Traum &#8222;Wenn ich einmal reich w\u00e4r&#8220; vorkommen! Welch jugendliche Frische unsere vier SolistInnen der Musikhochschule Weimar ausstrahlen, erlebten wir gestern zur Hauptprobe im Volkshaus Jena. Lebendig, sehns\u00fcchtig, manchmal flehentlich verliehen sie mit ihren Ges\u00e4ngen ihren W\u00fcnschen nach &#8222;Geld oder Liebe&#8220; Ausdruck. Man glaubt ihnen jedes Wort! Erstaunlich, welch gewaltiges Stimmvolumen entstehen kann, wenn man die richtige Singtechnik beherrscht. Der gesamte Zuschauerraum war ausgef\u00fcllt von ungewohnt frisch-fr\u00f6hlichen, munteren Kl\u00e4ngen. Am Sonntag werden Sie dort sitzen und sicher ebenso begeistert sein wie wir. Wir freuen uns auf einen beschwingten Fr\u00fchlingsnachmittag und auf Sie! &#8222;Geld oder Liebe&#8220; &#8211; h\u00e4tten Sie die Wahl- was w\u00fcrden Sie wohl nehmen \u2013 Geld oder Seelenqual?  Vielleicht finden Sie die Antwort beim H\u00f6ren unserer Duette aus Musical und Operette am Sonntag, 23. April im Jenaer Volkshaus. Bitte informieren Sie sich genauer unter &#8222;KONZERTE&#8220; auf dieser Homepage.                                                                                                                           <\/p>\n\n\n\n<p>  <\/p>\n\n\n\n<figure class=\"wp-block-image size-large\"><img loading=\"lazy\" decoding=\"async\" width=\"1024\" height=\"768\" src=\"https:\/\/zeiss-orchester.de\/wp-content\/uploads\/2023\/01\/20220513_202026-1024x768.jpg\" alt=\"\" class=\"wp-image-2524\" srcset=\"https:\/\/zeiss-orchester.de\/wp-content\/uploads\/2023\/01\/20220513_202026-1024x768.jpg 1024w, https:\/\/zeiss-orchester.de\/wp-content\/uploads\/2023\/01\/20220513_202026-300x225.jpg 300w, https:\/\/zeiss-orchester.de\/wp-content\/uploads\/2023\/01\/20220513_202026-768x576.jpg 768w, https:\/\/zeiss-orchester.de\/wp-content\/uploads\/2023\/01\/20220513_202026-1536x1152.jpg 1536w, https:\/\/zeiss-orchester.de\/wp-content\/uploads\/2023\/01\/20220513_202026-2048x1536.jpg 2048w, https:\/\/zeiss-orchester.de\/wp-content\/uploads\/2023\/01\/20220513_202026-624x468.jpg 624w\" sizes=\"auto, (max-width: 1024px) 100vw, 1024px\" \/><\/figure>\n\n\n\n<p>Am Sonntag, den 11. Juni 2023 gibt es ein sommerliches Kur- und Familienkonzert in der Konzertmuschel des Kurparks in Bad Klosterlausnitz. Vielleicht halten Sie sich daf\u00fcr frei? Der Park ist nicht nur Kurg\u00e4sten vorbehalten, sondern \u00f6ffnet sich mit seinen kulturellen Angeboten allen Entspannung und Erholung suchenden Menschen. Und die Unterhaltung bieten wir! Wir halten Sie auf dem Laufenden.<\/p>\n\n\n\n<p><\/p>\n\n<!-- Facebook Like Button Vivacity Infotech BEGIN -->\n<div class=\"fb-like\" data-href=\"https:\/\/zeiss-orchester.de\/?p=2510\" data-layout=\"button\" data-action=\"like\" data-show-faces=\"false\" data-size=\"small\" data-width=\"450\" data-share=\"1\" ><\/div>\n<!-- Facebook Like Button Vivacity Infotech END -->\n","protected":false},"excerpt":{"rendered":"<p>2023 werden wir wieder drei Konzerte im Jenaer Volkshaus geben, die Termine und genauere Darstellungen zum Programm finden Sie unter &#8222;KONZERTE&#8220;. In unserem Fr\u00fchlingskonzert wird es um &#8222;Geld oder Liebe&#8220; [&hellip;]<\/p>\n","protected":false},"author":2,"featured_media":0,"comment_status":"closed","ping_status":"closed","sticky":false,"template":"","format":"standard","meta":{"_price":"","_stock":"","_tribe_ticket_header":"","_tribe_default_ticket_provider":"","_tribe_ticket_capacity":"0","_ticket_start_date":"","_ticket_end_date":"","_tribe_ticket_show_description":"","_tribe_ticket_show_not_going":false,"_tribe_ticket_use_global_stock":"","_tribe_ticket_global_stock_level":"","_global_stock_mode":"","_global_stock_cap":"","_tribe_rsvp_for_event":"","_tribe_ticket_going_count":"","_tribe_ticket_not_going_count":"","_tribe_tickets_list":"[]","_tribe_ticket_has_attendee_info_fields":false,"footnotes":""},"categories":[1],"tags":[],"class_list":["post-2510","post","type-post","status-publish","format-standard","hentry","category-uncategorized"],"_links":{"self":[{"href":"https:\/\/zeiss-orchester.de\/index.php?rest_route=\/wp\/v2\/posts\/2510","targetHints":{"allow":["GET"]}}],"collection":[{"href":"https:\/\/zeiss-orchester.de\/index.php?rest_route=\/wp\/v2\/posts"}],"about":[{"href":"https:\/\/zeiss-orchester.de\/index.php?rest_route=\/wp\/v2\/types\/post"}],"author":[{"embeddable":true,"href":"https:\/\/zeiss-orchester.de\/index.php?rest_route=\/wp\/v2\/users\/2"}],"replies":[{"embeddable":true,"href":"https:\/\/zeiss-orchester.de\/index.php?rest_route=%2Fwp%2Fv2%2Fcomments&post=2510"}],"version-history":[{"count":13,"href":"https:\/\/zeiss-orchester.de\/index.php?rest_route=\/wp\/v2\/posts\/2510\/revisions"}],"predecessor-version":[{"id":2589,"href":"https:\/\/zeiss-orchester.de\/index.php?rest_route=\/wp\/v2\/posts\/2510\/revisions\/2589"}],"wp:attachment":[{"href":"https:\/\/zeiss-orchester.de\/index.php?rest_route=%2Fwp%2Fv2%2Fmedia&parent=2510"}],"wp:term":[{"taxonomy":"category","embeddable":true,"href":"https:\/\/zeiss-orchester.de\/index.php?rest_route=%2Fwp%2Fv2%2Fcategories&post=2510"},{"taxonomy":"post_tag","embeddable":true,"href":"https:\/\/zeiss-orchester.de\/index.php?rest_route=%2Fwp%2Fv2%2Ftags&post=2510"}],"curies":[{"name":"wp","href":"https:\/\/api.w.org\/{rel}","templated":true}]}}