{"id":2283,"date":"2022-04-09T16:07:33","date_gmt":"2022-04-09T16:07:33","guid":{"rendered":"https:\/\/zeiss-orchester.de\/?p=2283"},"modified":"2022-06-19T16:32:25","modified_gmt":"2022-06-19T16:32:25","slug":"vom-probentag-im-maerz-zum-fruehlingskonzert-im-april-2022-mit-2-jahren-verspaetung-wegen-der-corona-pandemie","status":"publish","type":"post","link":"https:\/\/zeiss-orchester.de\/?p=2283","title":{"rendered":"Sonntag, 19. Juni 2022 Tag der Offenen G\u00e4rten in Jena!"},"content":{"rendered":"\n<!-- Facebook Like Button Vivacity Infotech BEGIN -->\n<div class=\"fb-like\" data-href=\"https:\/\/zeiss-orchester.de\/?p=2283\" data-layout=\"button\" data-action=\"like\" data-show-faces=\"false\" data-size=\"small\" data-width=\"450\" data-share=\"1\" ><\/div>\n<!-- Facebook Like Button Vivacity Infotech END -->\n\n<div class=\"wp-block-group\"><div class=\"wp-block-group__inner-container is-layout-flow wp-block-group-is-layout-flow\">\n<div class=\"wp-block-columns is-layout-flex wp-container-core-columns-is-layout-9d6595d7 wp-block-columns-is-layout-flex\">\n<div class=\"wp-block-column is-layout-flow wp-block-column-is-layout-flow\" style=\"flex-basis:100%\">\n<figure class=\"wp-block-gallery has-nested-images columns-default is-cropped wp-block-gallery-1 is-layout-flex wp-block-gallery-is-layout-flex\">\n<figure class=\"wp-block-image size-large is-style-default\"><img loading=\"lazy\" decoding=\"async\" width=\"576\" height=\"1024\" data-id=\"2316\" src=\"https:\/\/zeiss-orchester.de\/wp-content\/uploads\/2022\/06\/20220619_124334-576x1024.jpg\" alt=\"\" class=\"wp-image-2316\" srcset=\"https:\/\/zeiss-orchester.de\/wp-content\/uploads\/2022\/06\/20220619_124334-576x1024.jpg 576w, https:\/\/zeiss-orchester.de\/wp-content\/uploads\/2022\/06\/20220619_124334-169x300.jpg 169w, https:\/\/zeiss-orchester.de\/wp-content\/uploads\/2022\/06\/20220619_124334-768x1365.jpg 768w, https:\/\/zeiss-orchester.de\/wp-content\/uploads\/2022\/06\/20220619_124334-864x1536.jpg 864w, https:\/\/zeiss-orchester.de\/wp-content\/uploads\/2022\/06\/20220619_124334-1152x2048.jpg 1152w, https:\/\/zeiss-orchester.de\/wp-content\/uploads\/2022\/06\/20220619_124334-624x1109.jpg 624w, https:\/\/zeiss-orchester.de\/wp-content\/uploads\/2022\/06\/20220619_124334-scaled.jpg 1440w\" sizes=\"auto, (max-width: 576px) 100vw, 576px\" \/><figcaption>Nach dem Spiel<\/figcaption><\/figure>\n\n\n\n<figure class=\"wp-block-image size-large is-style-rounded\"><img loading=\"lazy\" decoding=\"async\" width=\"1024\" height=\"869\" data-id=\"2315\" src=\"https:\/\/zeiss-orchester.de\/wp-content\/uploads\/2022\/06\/20220619_124333-Froederking-1024x869.jpg\" alt=\"\" class=\"wp-image-2315\" srcset=\"https:\/\/zeiss-orchester.de\/wp-content\/uploads\/2022\/06\/20220619_124333-Froederking-1024x869.jpg 1024w, https:\/\/zeiss-orchester.de\/wp-content\/uploads\/2022\/06\/20220619_124333-Froederking-300x255.jpg 300w, https:\/\/zeiss-orchester.de\/wp-content\/uploads\/2022\/06\/20220619_124333-Froederking-768x652.jpg 768w, https:\/\/zeiss-orchester.de\/wp-content\/uploads\/2022\/06\/20220619_124333-Froederking-1536x1304.jpg 1536w, https:\/\/zeiss-orchester.de\/wp-content\/uploads\/2022\/06\/20220619_124333-Froederking-2048x1738.jpg 2048w, https:\/\/zeiss-orchester.de\/wp-content\/uploads\/2022\/06\/20220619_124333-Froederking-624x530.jpg 624w\" sizes=\"auto, (max-width: 1024px) 100vw, 1024px\" \/><figcaption>Im Garten Fr\u00f6derking<\/figcaption><\/figure>\n\n\n\n<figure class=\"wp-block-image size-large\"><img loading=\"lazy\" decoding=\"async\" width=\"1024\" height=\"576\" data-id=\"2317\" src=\"https:\/\/zeiss-orchester.de\/wp-content\/uploads\/2022\/06\/20220619_111641-1024x576.jpg\" alt=\"\" class=\"wp-image-2317\" srcset=\"https:\/\/zeiss-orchester.de\/wp-content\/uploads\/2022\/06\/20220619_111641-1024x576.jpg 1024w, https:\/\/zeiss-orchester.de\/wp-content\/uploads\/2022\/06\/20220619_111641-300x169.jpg 300w, https:\/\/zeiss-orchester.de\/wp-content\/uploads\/2022\/06\/20220619_111641-768x432.jpg 768w, https:\/\/zeiss-orchester.de\/wp-content\/uploads\/2022\/06\/20220619_111641-1536x864.jpg 1536w, https:\/\/zeiss-orchester.de\/wp-content\/uploads\/2022\/06\/20220619_111641-2048x1152.jpg 2048w, https:\/\/zeiss-orchester.de\/wp-content\/uploads\/2022\/06\/20220619_111641-624x351.jpg 624w\" sizes=\"auto, (max-width: 1024px) 100vw, 1024px\" \/><figcaption>Im Schillergarten<\/figcaption><\/figure>\n\n\n\n<figure class=\"wp-block-image size-large\"><img loading=\"lazy\" decoding=\"async\" width=\"1024\" height=\"687\" data-id=\"2314\" src=\"https:\/\/zeiss-orchester.de\/wp-content\/uploads\/2022\/06\/20220619_140806-1024x687.jpg\" alt=\"\" class=\"wp-image-2314\" srcset=\"https:\/\/zeiss-orchester.de\/wp-content\/uploads\/2022\/06\/20220619_140806-1024x687.jpg 1024w, https:\/\/zeiss-orchester.de\/wp-content\/uploads\/2022\/06\/20220619_140806-300x201.jpg 300w, https:\/\/zeiss-orchester.de\/wp-content\/uploads\/2022\/06\/20220619_140806-768x515.jpg 768w, https:\/\/zeiss-orchester.de\/wp-content\/uploads\/2022\/06\/20220619_140806-1536x1031.jpg 1536w, https:\/\/zeiss-orchester.de\/wp-content\/uploads\/2022\/06\/20220619_140806-2048x1375.jpg 2048w, https:\/\/zeiss-orchester.de\/wp-content\/uploads\/2022\/06\/20220619_140806-624x419.jpg 624w\" sizes=\"auto, (max-width: 1024px) 100vw, 1024px\" \/><\/figure>\n<\/figure>\n<\/div>\n<\/div>\n<\/div><\/div>\n\n\n\n<p>Am 19. Juni waren wir in kleinen Ensemblegruppen beim Tag der offenen G\u00e4rten dabei.  Wir begleiteten die Besucher musikalisch im Schillergarten (=Eingangsgarten), im Garten der Familie Fr\u00f6derking, bei Familie Knape und Jordan, im Frommannschen Garten sowie bei den Familien Beleites und Stock. Trotz gro\u00dfer Hitze gab es viele interessierte Zuschauer und -h\u00f6rer.<\/p>\n\n\n\n<p> <a href=\"https:\/\/www.offene-gaerten-thueringen.de\/\" data-type=\"URL\" data-id=\"https:\/\/www.offene-gaerten-thueringen.de\/\">https:\/\/www.offene-gaerten-thueringen.de\/<\/a>            <\/p>\n\n\n\n<p><a href=\"https:\/\/www.offene-gaerten-thueringen.de\/jena\/\" data-type=\"URL\" data-id=\"https:\/\/www.offene-gaerten-thueringen.de\/jena\/\">https:\/\/www.offene-gaerten-thueringen.de\/jena\/<\/a>     <\/p>\n\n\n\n<p><\/p>\n\n\n\n<p><strong><em>R\u00fcckschau auf unseren Probentag 2 Wochen vor dem Fr\u00fchlingskonzert in Bildern<\/em><\/strong><\/p>\n\n\n\n<figure class=\"wp-block-gallery has-nested-images columns-5 wp-block-gallery-2 is-layout-flex wp-block-gallery-is-layout-flex\">\n<figure class=\"wp-block-image size-large\"><img loading=\"lazy\" decoding=\"async\" width=\"576\" height=\"1024\" data-id=\"2270\" src=\"https:\/\/zeiss-orchester.de\/wp-content\/uploads\/2022\/04\/20220319_142448-576x1024.jpg\" alt=\"\" class=\"wp-image-2270\" srcset=\"https:\/\/zeiss-orchester.de\/wp-content\/uploads\/2022\/04\/20220319_142448-576x1024.jpg 576w, https:\/\/zeiss-orchester.de\/wp-content\/uploads\/2022\/04\/20220319_142448-169x300.jpg 169w, https:\/\/zeiss-orchester.de\/wp-content\/uploads\/2022\/04\/20220319_142448-768x1365.jpg 768w, https:\/\/zeiss-orchester.de\/wp-content\/uploads\/2022\/04\/20220319_142448-864x1536.jpg 864w, https:\/\/zeiss-orchester.de\/wp-content\/uploads\/2022\/04\/20220319_142448-1152x2048.jpg 1152w, https:\/\/zeiss-orchester.de\/wp-content\/uploads\/2022\/04\/20220319_142448-624x1109.jpg 624w, https:\/\/zeiss-orchester.de\/wp-content\/uploads\/2022\/04\/20220319_142448-scaled.jpg 1440w\" sizes=\"auto, (max-width: 576px) 100vw, 576px\" \/><figcaption>Die Streichergruppe<\/figcaption><\/figure>\n\n\n\n<figure class=\"wp-block-image size-large\"><img loading=\"lazy\" decoding=\"async\" width=\"1024\" height=\"768\" data-id=\"2279\" src=\"https:\/\/zeiss-orchester.de\/wp-content\/uploads\/2022\/04\/IMG_8960-1024x768.jpeg\" alt=\"\" class=\"wp-image-2279\"\/><figcaption>Die Bl\u00e4sergruppe<\/figcaption><\/figure>\n\n\n\n<figure class=\"wp-block-image size-large\"><img loading=\"lazy\" decoding=\"async\" width=\"1024\" height=\"576\" data-id=\"2271\" src=\"https:\/\/zeiss-orchester.de\/wp-content\/uploads\/2022\/04\/20220319_142804-1024x576.jpg\" alt=\"\" class=\"wp-image-2271\" srcset=\"https:\/\/zeiss-orchester.de\/wp-content\/uploads\/2022\/04\/20220319_142804-1024x576.jpg 1024w, https:\/\/zeiss-orchester.de\/wp-content\/uploads\/2022\/04\/20220319_142804-300x169.jpg 300w, https:\/\/zeiss-orchester.de\/wp-content\/uploads\/2022\/04\/20220319_142804-768x432.jpg 768w, https:\/\/zeiss-orchester.de\/wp-content\/uploads\/2022\/04\/20220319_142804-1536x864.jpg 1536w, https:\/\/zeiss-orchester.de\/wp-content\/uploads\/2022\/04\/20220319_142804-2048x1152.jpg 2048w, https:\/\/zeiss-orchester.de\/wp-content\/uploads\/2022\/04\/20220319_142804-624x351.jpg 624w\" sizes=\"auto, (max-width: 1024px) 100vw, 1024px\" \/><figcaption>Die tiefen Streicher<\/figcaption><\/figure>\n\n\n\n<figure class=\"wp-block-image size-large\"><img loading=\"lazy\" decoding=\"async\" width=\"576\" height=\"1024\" data-id=\"2281\" src=\"https:\/\/zeiss-orchester.de\/wp-content\/uploads\/2022\/04\/20220403_-Uhrturm-Aufgang-V-576x1024.jpg\" alt=\"\" class=\"wp-image-2281\" srcset=\"https:\/\/zeiss-orchester.de\/wp-content\/uploads\/2022\/04\/20220403_-Uhrturm-Aufgang-V-576x1024.jpg 576w, https:\/\/zeiss-orchester.de\/wp-content\/uploads\/2022\/04\/20220403_-Uhrturm-Aufgang-V-169x300.jpg 169w, https:\/\/zeiss-orchester.de\/wp-content\/uploads\/2022\/04\/20220403_-Uhrturm-Aufgang-V-768x1365.jpg 768w, https:\/\/zeiss-orchester.de\/wp-content\/uploads\/2022\/04\/20220403_-Uhrturm-Aufgang-V-864x1536.jpg 864w, https:\/\/zeiss-orchester.de\/wp-content\/uploads\/2022\/04\/20220403_-Uhrturm-Aufgang-V-1152x2048.jpg 1152w, https:\/\/zeiss-orchester.de\/wp-content\/uploads\/2022\/04\/20220403_-Uhrturm-Aufgang-V-624x1109.jpg 624w, https:\/\/zeiss-orchester.de\/wp-content\/uploads\/2022\/04\/20220403_-Uhrturm-Aufgang-V-scaled.jpg 1440w\" sizes=\"auto, (max-width: 576px) 100vw, 576px\" \/><figcaption>Am Konzerttag Blick zur Volkshaus-Turmuhr<\/figcaption><\/figure>\n\n\n\n<figure class=\"wp-block-image size-large\"><img loading=\"lazy\" decoding=\"async\" width=\"576\" height=\"1024\" data-id=\"2280\" src=\"https:\/\/zeiss-orchester.de\/wp-content\/uploads\/2022\/04\/20220402_103304-576x1024.jpg\" alt=\"\" class=\"wp-image-2280\" srcset=\"https:\/\/zeiss-orchester.de\/wp-content\/uploads\/2022\/04\/20220402_103304-576x1024.jpg 576w, https:\/\/zeiss-orchester.de\/wp-content\/uploads\/2022\/04\/20220402_103304-169x300.jpg 169w, https:\/\/zeiss-orchester.de\/wp-content\/uploads\/2022\/04\/20220402_103304-768x1365.jpg 768w, https:\/\/zeiss-orchester.de\/wp-content\/uploads\/2022\/04\/20220402_103304-864x1536.jpg 864w, https:\/\/zeiss-orchester.de\/wp-content\/uploads\/2022\/04\/20220402_103304-1152x2048.jpg 1152w, https:\/\/zeiss-orchester.de\/wp-content\/uploads\/2022\/04\/20220402_103304-624x1109.jpg 624w, https:\/\/zeiss-orchester.de\/wp-content\/uploads\/2022\/04\/20220402_103304-scaled.jpg 1440w\" sizes=\"auto, (max-width: 576px) 100vw, 576px\" \/><figcaption>Und dann das Konzert!<\/figcaption><\/figure>\n\n\n\n<figure class=\"wp-block-image size-large\"><img loading=\"lazy\" decoding=\"async\" width=\"1024\" height=\"575\" data-id=\"2282\" src=\"https:\/\/zeiss-orchester.de\/wp-content\/uploads\/2022\/04\/HauptProbe-vorm-Fruehl.konzert-VH-28.3.22--1024x575.jpg\" alt=\"\" class=\"wp-image-2282\" srcset=\"https:\/\/zeiss-orchester.de\/wp-content\/uploads\/2022\/04\/HauptProbe-vorm-Fruehl.konzert-VH-28.3.22--1024x575.jpg 1024w, https:\/\/zeiss-orchester.de\/wp-content\/uploads\/2022\/04\/HauptProbe-vorm-Fruehl.konzert-VH-28.3.22--300x168.jpg 300w, https:\/\/zeiss-orchester.de\/wp-content\/uploads\/2022\/04\/HauptProbe-vorm-Fruehl.konzert-VH-28.3.22--768x431.jpg 768w, https:\/\/zeiss-orchester.de\/wp-content\/uploads\/2022\/04\/HauptProbe-vorm-Fruehl.konzert-VH-28.3.22--1536x863.jpg 1536w, https:\/\/zeiss-orchester.de\/wp-content\/uploads\/2022\/04\/HauptProbe-vorm-Fruehl.konzert-VH-28.3.22--2048x1150.jpg 2048w, https:\/\/zeiss-orchester.de\/wp-content\/uploads\/2022\/04\/HauptProbe-vorm-Fruehl.konzert-VH-28.3.22--624x350.jpg 624w\" sizes=\"auto, (max-width: 1024px) 100vw, 1024px\" \/><figcaption>Anspielprobe<\/figcaption><\/figure>\n<\/figure>\n\n\n\n<p>Unser Probentag am 19. M\u00e4rz 2022<\/p>\n\n\n\n<figure class=\"wp-block-gallery has-nested-images columns-3 is-cropped wp-block-gallery-3 is-layout-flex wp-block-gallery-is-layout-flex\">\n<figure class=\"wp-block-image size-large\"><img loading=\"lazy\" decoding=\"async\" width=\"1024\" height=\"576\" data-id=\"2276\" src=\"https:\/\/zeiss-orchester.de\/wp-content\/uploads\/2022\/04\/20220319_155109-1024x576.jpg\" alt=\"\" class=\"wp-image-2276\" srcset=\"https:\/\/zeiss-orchester.de\/wp-content\/uploads\/2022\/04\/20220319_155109-1024x576.jpg 1024w, https:\/\/zeiss-orchester.de\/wp-content\/uploads\/2022\/04\/20220319_155109-300x169.jpg 300w, https:\/\/zeiss-orchester.de\/wp-content\/uploads\/2022\/04\/20220319_155109-768x432.jpg 768w, https:\/\/zeiss-orchester.de\/wp-content\/uploads\/2022\/04\/20220319_155109-1536x864.jpg 1536w, https:\/\/zeiss-orchester.de\/wp-content\/uploads\/2022\/04\/20220319_155109-2048x1152.jpg 2048w, https:\/\/zeiss-orchester.de\/wp-content\/uploads\/2022\/04\/20220319_155109-624x351.jpg 624w\" sizes=\"auto, (max-width: 1024px) 100vw, 1024px\" \/><figcaption>Wir ehren unseren Konzertmeister<\/figcaption><\/figure>\n\n\n\n<figure class=\"wp-block-image size-large\"><img loading=\"lazy\" decoding=\"async\" width=\"1024\" height=\"576\" data-id=\"2274\" src=\"https:\/\/zeiss-orchester.de\/wp-content\/uploads\/2022\/04\/20220319_155602-1024x576.jpg\" alt=\"\" class=\"wp-image-2274\" srcset=\"https:\/\/zeiss-orchester.de\/wp-content\/uploads\/2022\/04\/20220319_155602-1024x576.jpg 1024w, https:\/\/zeiss-orchester.de\/wp-content\/uploads\/2022\/04\/20220319_155602-300x169.jpg 300w, https:\/\/zeiss-orchester.de\/wp-content\/uploads\/2022\/04\/20220319_155602-768x432.jpg 768w, https:\/\/zeiss-orchester.de\/wp-content\/uploads\/2022\/04\/20220319_155602-1536x864.jpg 1536w, https:\/\/zeiss-orchester.de\/wp-content\/uploads\/2022\/04\/20220319_155602-2048x1152.jpg 2048w, https:\/\/zeiss-orchester.de\/wp-content\/uploads\/2022\/04\/20220319_155602-624x351.jpg 624w\" sizes=\"auto, (max-width: 1024px) 100vw, 1024px\" \/><figcaption>Wir schauen unsere Chronik an<\/figcaption><\/figure>\n\n\n\n<figure class=\"wp-block-image size-large\"><img loading=\"lazy\" decoding=\"async\" width=\"1024\" height=\"576\" data-id=\"2275\" src=\"https:\/\/zeiss-orchester.de\/wp-content\/uploads\/2022\/04\/20220319_155618-1024x576.jpg\" alt=\"\" class=\"wp-image-2275\" srcset=\"https:\/\/zeiss-orchester.de\/wp-content\/uploads\/2022\/04\/20220319_155618-1024x576.jpg 1024w, https:\/\/zeiss-orchester.de\/wp-content\/uploads\/2022\/04\/20220319_155618-300x169.jpg 300w, https:\/\/zeiss-orchester.de\/wp-content\/uploads\/2022\/04\/20220319_155618-768x432.jpg 768w, https:\/\/zeiss-orchester.de\/wp-content\/uploads\/2022\/04\/20220319_155618-1536x864.jpg 1536w, https:\/\/zeiss-orchester.de\/wp-content\/uploads\/2022\/04\/20220319_155618-2048x1152.jpg 2048w, https:\/\/zeiss-orchester.de\/wp-content\/uploads\/2022\/04\/20220319_155618-624x351.jpg 624w\" sizes=\"auto, (max-width: 1024px) 100vw, 1024px\" \/><figcaption>Damals war`s&#8230;<\/figcaption><\/figure>\n\n\n\n<figure class=\"wp-block-image size-large\"><img loading=\"lazy\" decoding=\"async\" width=\"1024\" height=\"576\" data-id=\"2273\" src=\"https:\/\/zeiss-orchester.de\/wp-content\/uploads\/2022\/04\/20220319_155213-1024x576.jpg\" alt=\"\" class=\"wp-image-2273\" srcset=\"https:\/\/zeiss-orchester.de\/wp-content\/uploads\/2022\/04\/20220319_155213-1024x576.jpg 1024w, https:\/\/zeiss-orchester.de\/wp-content\/uploads\/2022\/04\/20220319_155213-300x169.jpg 300w, https:\/\/zeiss-orchester.de\/wp-content\/uploads\/2022\/04\/20220319_155213-768x432.jpg 768w, https:\/\/zeiss-orchester.de\/wp-content\/uploads\/2022\/04\/20220319_155213-1536x864.jpg 1536w, https:\/\/zeiss-orchester.de\/wp-content\/uploads\/2022\/04\/20220319_155213-2048x1152.jpg 2048w, https:\/\/zeiss-orchester.de\/wp-content\/uploads\/2022\/04\/20220319_155213-624x351.jpg 624w\" sizes=\"auto, (max-width: 1024px) 100vw, 1024px\" \/><figcaption>Roland erl\u00e4utert die Ereignisse<\/figcaption><\/figure>\n\n\n\n<figure class=\"wp-block-image size-large\"><img loading=\"lazy\" decoding=\"async\" width=\"800\" height=\"449\" data-id=\"2278\" src=\"https:\/\/zeiss-orchester.de\/wp-content\/uploads\/2022\/04\/IMG_6604.jpg\" alt=\"\" class=\"wp-image-2278\" srcset=\"https:\/\/zeiss-orchester.de\/wp-content\/uploads\/2022\/04\/IMG_6604.jpg 800w, https:\/\/zeiss-orchester.de\/wp-content\/uploads\/2022\/04\/IMG_6604-300x168.jpg 300w, https:\/\/zeiss-orchester.de\/wp-content\/uploads\/2022\/04\/IMG_6604-768x431.jpg 768w, https:\/\/zeiss-orchester.de\/wp-content\/uploads\/2022\/04\/IMG_6604-624x350.jpg 624w\" sizes=\"auto, (max-width: 800px) 100vw, 800px\" \/><figcaption>Wir ehren unseren Dirigenten<\/figcaption><\/figure>\n\n\n\n<figure class=\"wp-block-image size-large\"><img loading=\"lazy\" decoding=\"async\" width=\"800\" height=\"449\" data-id=\"2277\" src=\"https:\/\/zeiss-orchester.de\/wp-content\/uploads\/2022\/04\/IMG_6595.jpg\" alt=\"\" class=\"wp-image-2277\" srcset=\"https:\/\/zeiss-orchester.de\/wp-content\/uploads\/2022\/04\/IMG_6595.jpg 800w, https:\/\/zeiss-orchester.de\/wp-content\/uploads\/2022\/04\/IMG_6595-300x168.jpg 300w, https:\/\/zeiss-orchester.de\/wp-content\/uploads\/2022\/04\/IMG_6595-768x431.jpg 768w, https:\/\/zeiss-orchester.de\/wp-content\/uploads\/2022\/04\/IMG_6595-624x350.jpg 624w\" sizes=\"auto, (max-width: 800px) 100vw, 800px\" \/><figcaption>Nicola und Astrid sehr aufmerksam<\/figcaption><\/figure>\n<\/figure>\n\n<!-- Facebook Like Button Vivacity Infotech BEGIN -->\n<div class=\"fb-like\" data-href=\"https:\/\/zeiss-orchester.de\/?p=2283\" data-layout=\"button\" data-action=\"like\" data-show-faces=\"false\" data-size=\"small\" data-width=\"450\" data-share=\"1\" ><\/div>\n<!-- Facebook Like Button Vivacity Infotech END -->\n","protected":false},"excerpt":{"rendered":"<p>Am 19. Juni waren wir in kleinen Ensemblegruppen beim Tag der offenen G\u00e4rten dabei. Wir begleiteten die Besucher musikalisch im Schillergarten (=Eingangsgarten), im Garten der Familie Fr\u00f6derking, bei Familie Knape [&hellip;]<\/p>\n","protected":false},"author":2,"featured_media":0,"comment_status":"closed","ping_status":"closed","sticky":false,"template":"","format":"standard","meta":{"_price":"","_stock":"","_tribe_ticket_header":"","_tribe_default_ticket_provider":"","_tribe_ticket_capacity":"0","_ticket_start_date":"","_ticket_end_date":"","_tribe_ticket_show_description":"","_tribe_ticket_show_not_going":false,"_tribe_ticket_use_global_stock":"","_tribe_ticket_global_stock_level":"","_global_stock_mode":"","_global_stock_cap":"","_tribe_rsvp_for_event":"","_tribe_ticket_going_count":"","_tribe_ticket_not_going_count":"","_tribe_tickets_list":"[]","_tribe_ticket_has_attendee_info_fields":false,"footnotes":""},"categories":[1],"tags":[],"class_list":["post-2283","post","type-post","status-publish","format-standard","hentry","category-uncategorized"],"_links":{"self":[{"href":"https:\/\/zeiss-orchester.de\/index.php?rest_route=\/wp\/v2\/posts\/2283","targetHints":{"allow":["GET"]}}],"collection":[{"href":"https:\/\/zeiss-orchester.de\/index.php?rest_route=\/wp\/v2\/posts"}],"about":[{"href":"https:\/\/zeiss-orchester.de\/index.php?rest_route=\/wp\/v2\/types\/post"}],"author":[{"embeddable":true,"href":"https:\/\/zeiss-orchester.de\/index.php?rest_route=\/wp\/v2\/users\/2"}],"replies":[{"embeddable":true,"href":"https:\/\/zeiss-orchester.de\/index.php?rest_route=%2Fwp%2Fv2%2Fcomments&post=2283"}],"version-history":[{"count":10,"href":"https:\/\/zeiss-orchester.de\/index.php?rest_route=\/wp\/v2\/posts\/2283\/revisions"}],"predecessor-version":[{"id":2318,"href":"https:\/\/zeiss-orchester.de\/index.php?rest_route=\/wp\/v2\/posts\/2283\/revisions\/2318"}],"wp:attachment":[{"href":"https:\/\/zeiss-orchester.de\/index.php?rest_route=%2Fwp%2Fv2%2Fmedia&parent=2283"}],"wp:term":[{"taxonomy":"category","embeddable":true,"href":"https:\/\/zeiss-orchester.de\/index.php?rest_route=%2Fwp%2Fv2%2Fcategories&post=2283"},{"taxonomy":"post_tag","embeddable":true,"href":"https:\/\/zeiss-orchester.de\/index.php?rest_route=%2Fwp%2Fv2%2Ftags&post=2283"}],"curies":[{"name":"wp","href":"https:\/\/api.w.org\/{rel}","templated":true}]}}