{"id":2066,"date":"2021-06-09T17:47:25","date_gmt":"2021-06-09T17:47:25","guid":{"rendered":"http:\/\/zeiss-orchester.de\/?p=2066"},"modified":"2021-07-08T17:44:46","modified_gmt":"2021-07-08T17:44:46","slug":"jenas-kultur-erwacht-und-auch-wir-werden-wieder-munter","status":"publish","type":"post","link":"https:\/\/zeiss-orchester.de\/?p=2066","title":{"rendered":"Jenas Kultur erwacht und auch wir werden wieder &#8222;munter&#8220;"},"content":{"rendered":"\n<!-- Facebook Like Button Vivacity Infotech BEGIN -->\n<div class=\"fb-like\" data-href=\"https:\/\/zeiss-orchester.de\/?p=2066\" data-layout=\"button\" data-action=\"like\" data-show-faces=\"false\" data-size=\"small\" data-width=\"450\" data-share=\"1\" ><\/div>\n<!-- Facebook Like Button Vivacity Infotech END -->\n\n<figure class=\"wp-block-image size-large\"><img loading=\"lazy\" decoding=\"async\" width=\"1024\" height=\"333\" src=\"https:\/\/zeiss-orchester.de\/wp-content\/uploads\/2021\/06\/11-Sonnenaufgang-von-Kerstins-Haus-aus-1024x333.jpg\" alt=\"\" class=\"wp-image-2067\" srcset=\"https:\/\/zeiss-orchester.de\/wp-content\/uploads\/2021\/06\/11-Sonnenaufgang-von-Kerstins-Haus-aus-1024x333.jpg 1024w, https:\/\/zeiss-orchester.de\/wp-content\/uploads\/2021\/06\/11-Sonnenaufgang-von-Kerstins-Haus-aus-300x98.jpg 300w, https:\/\/zeiss-orchester.de\/wp-content\/uploads\/2021\/06\/11-Sonnenaufgang-von-Kerstins-Haus-aus-768x250.jpg 768w, https:\/\/zeiss-orchester.de\/wp-content\/uploads\/2021\/06\/11-Sonnenaufgang-von-Kerstins-Haus-aus-1536x500.jpg 1536w, https:\/\/zeiss-orchester.de\/wp-content\/uploads\/2021\/06\/11-Sonnenaufgang-von-Kerstins-Haus-aus-624x203.jpg 624w, https:\/\/zeiss-orchester.de\/wp-content\/uploads\/2021\/06\/11-Sonnenaufgang-von-Kerstins-Haus-aus.jpg 1591w\" sizes=\"auto, (max-width: 1024px) 100vw, 1024px\" \/><figcaption>                                                                               <strong>     <\/strong>   Jena erwacht; es erwacht auch die Kultur<\/figcaption><\/figure>\n\n\n\n<p>Unser Sinfonieorchester traf sich am Montag, 14.06. 2021, das erste Mal ohne Instrumente an der Kulturkirche L\u00f6bstedt, um sich endlich mal wieder zu sehen und gemeinsam zu besprechen, was wieder m\u00f6glich ist und wann es f\u00fcr uns weitergeht. Die Gelegenheit, uns dort zu treffen, gab uns <strong>Ralf Kleist<\/strong>, der Kirchensozialarbeiter, der uns auch in den vergangenen Jahren Benefizkonzerte mit anschlie\u00dfenden Begegnungen zwischen Zuh\u00f6rern und Familien erm\u00f6glichte. Was er f\u00fcr unser Orchesterleben bedeutete, beginnen wir <strong>jetzt<\/strong> zu verstehen; denn bisher war die  Zusammenarbeit zwischen ihm und uns so selbstverst\u00e4ndlich. <\/p>\n\n\n\n<h2 class=\"wp-block-heading\">Ralf Kleist-was er unserem Sinfonieorchester bedeutete<\/h2>\n\n\n\n<p>Ralf ist v\u00f6llig unverhofft verstorben. Noch fassen wir es nicht. Er war uns, dem Sinfonieorchester Carl Zeiss Jena (SOZ) ein stets zuverl\u00e4ssiger Partner. Immer hatte er Ideen parat, wenn wir ein Problem hatten. Er war der \u201eMeister im Organisieren\u201c , schaffte Begegnungen und verband Menschen, organisierte leise und nur um der Sache; um des Helfens willen. Wir denken hochachtungsvoll und in Dankbarkeit an ihn;                                                                                    k\u00f6nnen uns noch nicht vorstellen, ob die L\u00fccke, die durch sein Ableben f\u00fcr unser Orchester entstand, je wieder geschlossen werden kann.                                                      In tief empfundener Anteilnahme sind wir bei seiner Familie. <\/p>\n\n\n\n<p>Roland Weske, der k\u00fcnstlerische Leiter, und der Vorstand des Sinfonieorchesters Carl Zeiss Jena<\/p>\n\n<!-- Facebook Like Button Vivacity Infotech BEGIN -->\n<div class=\"fb-like\" data-href=\"https:\/\/zeiss-orchester.de\/?p=2066\" data-layout=\"button\" data-action=\"like\" data-show-faces=\"false\" data-size=\"small\" data-width=\"450\" data-share=\"1\" ><\/div>\n<!-- Facebook Like Button Vivacity Infotech END -->\n","protected":false},"excerpt":{"rendered":"<p>Unser Sinfonieorchester traf sich am Montag, 14.06. 2021, das erste Mal ohne Instrumente an der Kulturkirche L\u00f6bstedt, um sich endlich mal wieder zu sehen und gemeinsam zu besprechen, was wieder [&hellip;]<\/p>\n","protected":false},"author":2,"featured_media":0,"comment_status":"closed","ping_status":"closed","sticky":false,"template":"","format":"standard","meta":{"_price":"","_stock":"","_tribe_ticket_header":"","_tribe_default_ticket_provider":"","_tribe_ticket_capacity":"0","_ticket_start_date":"","_ticket_end_date":"","_tribe_ticket_show_description":"","_tribe_ticket_show_not_going":false,"_tribe_ticket_use_global_stock":"","_tribe_ticket_global_stock_level":"","_global_stock_mode":"","_global_stock_cap":"","_tribe_rsvp_for_event":"","_tribe_ticket_going_count":"","_tribe_ticket_not_going_count":"","_tribe_tickets_list":"[]","_tribe_ticket_has_attendee_info_fields":false,"footnotes":""},"categories":[1],"tags":[],"class_list":["post-2066","post","type-post","status-publish","format-standard","hentry","category-uncategorized"],"_links":{"self":[{"href":"https:\/\/zeiss-orchester.de\/index.php?rest_route=\/wp\/v2\/posts\/2066","targetHints":{"allow":["GET"]}}],"collection":[{"href":"https:\/\/zeiss-orchester.de\/index.php?rest_route=\/wp\/v2\/posts"}],"about":[{"href":"https:\/\/zeiss-orchester.de\/index.php?rest_route=\/wp\/v2\/types\/post"}],"author":[{"embeddable":true,"href":"https:\/\/zeiss-orchester.de\/index.php?rest_route=\/wp\/v2\/users\/2"}],"replies":[{"embeddable":true,"href":"https:\/\/zeiss-orchester.de\/index.php?rest_route=%2Fwp%2Fv2%2Fcomments&post=2066"}],"version-history":[{"count":2,"href":"https:\/\/zeiss-orchester.de\/index.php?rest_route=\/wp\/v2\/posts\/2066\/revisions"}],"predecessor-version":[{"id":2070,"href":"https:\/\/zeiss-orchester.de\/index.php?rest_route=\/wp\/v2\/posts\/2066\/revisions\/2070"}],"wp:attachment":[{"href":"https:\/\/zeiss-orchester.de\/index.php?rest_route=%2Fwp%2Fv2%2Fmedia&parent=2066"}],"wp:term":[{"taxonomy":"category","embeddable":true,"href":"https:\/\/zeiss-orchester.de\/index.php?rest_route=%2Fwp%2Fv2%2Fcategories&post=2066"},{"taxonomy":"post_tag","embeddable":true,"href":"https:\/\/zeiss-orchester.de\/index.php?rest_route=%2Fwp%2Fv2%2Ftags&post=2066"}],"curies":[{"name":"wp","href":"https:\/\/api.w.org\/{rel}","templated":true}]}}