{"id":2006,"date":"2020-09-20T08:49:09","date_gmt":"2020-09-20T08:49:09","guid":{"rendered":"http:\/\/zeiss-orchester.de\/?p=2006"},"modified":"2021-01-25T18:36:10","modified_gmt":"2021-01-25T18:36:10","slug":"unsere-vorhaben-noch-in-diesem-jahr","status":"publish","type":"post","link":"https:\/\/zeiss-orchester.de\/?p=2006","title":{"rendered":"Unsere Vorhaben des Jahres 2020 &#8230;"},"content":{"rendered":"\n<!-- Facebook Like Button Vivacity Infotech BEGIN -->\n<div class=\"fb-like\" data-href=\"https:\/\/zeiss-orchester.de\/?p=2006\" data-layout=\"button\" data-action=\"like\" data-show-faces=\"false\" data-size=\"small\" data-width=\"450\" data-share=\"1\" ><\/div>\n<!-- Facebook Like Button Vivacity Infotech END -->\n\n<p>sind der Corona-Pandemie zum Opfer gefallen.<\/p>\n\n\n\n<p>Wir probten wieder seit September, dank der &#8222;Agentur f\u00fcr Zwischenraum-Nutzung&#8220; und dem Gesch\u00e4ftsf\u00fchrer des F-Hauses. Auf unserem Weihnachtskonzertprogramm standen z.B. die Ouvert\u00fcre und die Pastorale zum Ballet &#8222;Die Gesch\u00f6pfe des Prometheus&#8220; . Damit wollten wir Ludwig van Beethoven, der in diesem Jahr seinen 250. Geburtstag gefeiert h\u00e4tte, ehren.  <\/p>\n\n\n\n<figure class=\"wp-block-gallery columns-3 is-cropped wp-block-gallery-1 is-layout-flex wp-block-gallery-is-layout-flex\"><ul class=\"blocks-gallery-grid\"><li class=\"blocks-gallery-item\"><figure><img loading=\"lazy\" decoding=\"async\" width=\"768\" height=\"1024\" src=\"https:\/\/zeiss-orchester.de\/wp-content\/uploads\/2020\/11\/0-Goethegalerie-glitzert-768x1024.jpg\" alt=\"\" data-id=\"2040\" data-full-url=\"https:\/\/zeiss-orchester.de\/wp-content\/uploads\/2020\/11\/0-Goethegalerie-glitzert-scaled.jpg\" data-link=\"https:\/\/zeiss-orchester.de\/?attachment_id=2040\" class=\"wp-image-2040\" srcset=\"https:\/\/zeiss-orchester.de\/wp-content\/uploads\/2020\/11\/0-Goethegalerie-glitzert-768x1024.jpg 768w, https:\/\/zeiss-orchester.de\/wp-content\/uploads\/2020\/11\/0-Goethegalerie-glitzert-225x300.jpg 225w, https:\/\/zeiss-orchester.de\/wp-content\/uploads\/2020\/11\/0-Goethegalerie-glitzert-1152x1536.jpg 1152w, https:\/\/zeiss-orchester.de\/wp-content\/uploads\/2020\/11\/0-Goethegalerie-glitzert-1536x2048.jpg 1536w, https:\/\/zeiss-orchester.de\/wp-content\/uploads\/2020\/11\/0-Goethegalerie-glitzert-624x832.jpg 624w, https:\/\/zeiss-orchester.de\/wp-content\/uploads\/2020\/11\/0-Goethegalerie-glitzert-scaled.jpg 1920w\" sizes=\"auto, (max-width: 768px) 100vw, 768px\" \/><\/figure><\/li><li class=\"blocks-gallery-item\"><figure><img loading=\"lazy\" decoding=\"async\" width=\"1024\" height=\"768\" src=\"https:\/\/zeiss-orchester.de\/wp-content\/uploads\/2020\/11\/1-Anheimelnd-von-aussen-1024x768.jpg\" alt=\"\" data-id=\"2041\" data-full-url=\"https:\/\/zeiss-orchester.de\/wp-content\/uploads\/2020\/11\/1-Anheimelnd-von-aussen-scaled.jpg\" data-link=\"https:\/\/zeiss-orchester.de\/?attachment_id=2041\" class=\"wp-image-2041\" srcset=\"https:\/\/zeiss-orchester.de\/wp-content\/uploads\/2020\/11\/1-Anheimelnd-von-aussen-1024x768.jpg 1024w, https:\/\/zeiss-orchester.de\/wp-content\/uploads\/2020\/11\/1-Anheimelnd-von-aussen-300x225.jpg 300w, https:\/\/zeiss-orchester.de\/wp-content\/uploads\/2020\/11\/1-Anheimelnd-von-aussen-768x576.jpg 768w, https:\/\/zeiss-orchester.de\/wp-content\/uploads\/2020\/11\/1-Anheimelnd-von-aussen-1536x1152.jpg 1536w, https:\/\/zeiss-orchester.de\/wp-content\/uploads\/2020\/11\/1-Anheimelnd-von-aussen-2048x1536.jpg 2048w, https:\/\/zeiss-orchester.de\/wp-content\/uploads\/2020\/11\/1-Anheimelnd-von-aussen-624x468.jpg 624w\" sizes=\"auto, (max-width: 1024px) 100vw, 1024px\" \/><\/figure><\/li><li class=\"blocks-gallery-item\"><figure><img loading=\"lazy\" decoding=\"async\" width=\"768\" height=\"1024\" src=\"https:\/\/zeiss-orchester.de\/wp-content\/uploads\/2020\/11\/3-Markttanne-768x1024.jpg\" alt=\"\" data-id=\"2042\" data-full-url=\"https:\/\/zeiss-orchester.de\/wp-content\/uploads\/2020\/11\/3-Markttanne-scaled.jpg\" data-link=\"https:\/\/zeiss-orchester.de\/?attachment_id=2042\" class=\"wp-image-2042\" srcset=\"https:\/\/zeiss-orchester.de\/wp-content\/uploads\/2020\/11\/3-Markttanne-768x1024.jpg 768w, https:\/\/zeiss-orchester.de\/wp-content\/uploads\/2020\/11\/3-Markttanne-225x300.jpg 225w, https:\/\/zeiss-orchester.de\/wp-content\/uploads\/2020\/11\/3-Markttanne-1152x1536.jpg 1152w, https:\/\/zeiss-orchester.de\/wp-content\/uploads\/2020\/11\/3-Markttanne-1536x2048.jpg 1536w, https:\/\/zeiss-orchester.de\/wp-content\/uploads\/2020\/11\/3-Markttanne-624x832.jpg 624w, https:\/\/zeiss-orchester.de\/wp-content\/uploads\/2020\/11\/3-Markttanne-scaled.jpg 1920w\" sizes=\"auto, (max-width: 768px) 100vw, 768px\" \/><\/figure><\/li><\/ul><\/figure>\n\n\n\n<p>Die Adventszeit im Jahr 2020 war still. Die heutige Zeit fordert von allen, die etwas bewegen wollen, Durchhalteverm\u00f6gen und Optimismus. Und es braucht neue Ideen, um die unser k\u00fcnstlerischer Leiter Roland Weske nie verlegen ist. Wir werden unsere n\u00e4chsten Veranstaltungen an die aktuelle Situation anpassen und im Jahr 2021 nicht in gewohnter, sondern in anderer Weise f\u00fcr Sie da sein. Mit ganz besonderer Freude werden wir Sie dann wieder auf unsere musikalischen Reisen mitnehmen. Ihr Sinfonieorchester Carl Zeiss Jena<\/p>\n\n\n\n<p><\/p>\n\n<!-- Facebook Like Button Vivacity Infotech BEGIN -->\n<div class=\"fb-like\" data-href=\"https:\/\/zeiss-orchester.de\/?p=2006\" data-layout=\"button\" data-action=\"like\" data-show-faces=\"false\" data-size=\"small\" data-width=\"450\" data-share=\"1\" ><\/div>\n<!-- Facebook Like Button Vivacity Infotech END -->\n","protected":false},"excerpt":{"rendered":"<p>sind der Corona-Pandemie zum Opfer gefallen. Wir probten wieder seit September, dank der &#8222;Agentur f\u00fcr Zwischenraum-Nutzung&#8220; und dem Gesch\u00e4ftsf\u00fchrer des F-Hauses. Auf unserem Weihnachtskonzertprogramm standen z.B. die Ouvert\u00fcre und die [&hellip;]<\/p>\n","protected":false},"author":2,"featured_media":0,"comment_status":"closed","ping_status":"closed","sticky":false,"template":"","format":"standard","meta":{"_price":"","_stock":"","_tribe_ticket_header":"","_tribe_default_ticket_provider":"","_tribe_ticket_capacity":"0","_ticket_start_date":"","_ticket_end_date":"","_tribe_ticket_show_description":"","_tribe_ticket_show_not_going":false,"_tribe_ticket_use_global_stock":"","_tribe_ticket_global_stock_level":"","_global_stock_mode":"","_global_stock_cap":"","_tribe_rsvp_for_event":"","_tribe_ticket_going_count":"","_tribe_ticket_not_going_count":"","_tribe_tickets_list":"[]","_tribe_ticket_has_attendee_info_fields":false,"footnotes":""},"categories":[1],"tags":[],"class_list":["post-2006","post","type-post","status-publish","format-standard","hentry","category-uncategorized"],"_links":{"self":[{"href":"https:\/\/zeiss-orchester.de\/index.php?rest_route=\/wp\/v2\/posts\/2006","targetHints":{"allow":["GET"]}}],"collection":[{"href":"https:\/\/zeiss-orchester.de\/index.php?rest_route=\/wp\/v2\/posts"}],"about":[{"href":"https:\/\/zeiss-orchester.de\/index.php?rest_route=\/wp\/v2\/types\/post"}],"author":[{"embeddable":true,"href":"https:\/\/zeiss-orchester.de\/index.php?rest_route=\/wp\/v2\/users\/2"}],"replies":[{"embeddable":true,"href":"https:\/\/zeiss-orchester.de\/index.php?rest_route=%2Fwp%2Fv2%2Fcomments&post=2006"}],"version-history":[{"count":8,"href":"https:\/\/zeiss-orchester.de\/index.php?rest_route=\/wp\/v2\/posts\/2006\/revisions"}],"predecessor-version":[{"id":2053,"href":"https:\/\/zeiss-orchester.de\/index.php?rest_route=\/wp\/v2\/posts\/2006\/revisions\/2053"}],"wp:attachment":[{"href":"https:\/\/zeiss-orchester.de\/index.php?rest_route=%2Fwp%2Fv2%2Fmedia&parent=2006"}],"wp:term":[{"taxonomy":"category","embeddable":true,"href":"https:\/\/zeiss-orchester.de\/index.php?rest_route=%2Fwp%2Fv2%2Fcategories&post=2006"},{"taxonomy":"post_tag","embeddable":true,"href":"https:\/\/zeiss-orchester.de\/index.php?rest_route=%2Fwp%2Fv2%2Ftags&post=2006"}],"curies":[{"name":"wp","href":"https:\/\/api.w.org\/{rel}","templated":true}]}}