{"id":1965,"date":"2020-08-26T16:33:25","date_gmt":"2020-08-26T16:33:25","guid":{"rendered":"http:\/\/zeiss-orchester.de\/?p=1965"},"modified":"2023-04-02T19:10:56","modified_gmt":"2023-04-02T17:10:56","slug":"unser-kammerorchester-musiziert-mit-einem-glockenspiel","status":"publish","type":"post","link":"https:\/\/zeiss-orchester.de\/?p=1965","title":{"rendered":"Unser Kammerorchester musiziert mit einem Glockenspiel!"},"content":{"rendered":"\n<!-- Facebook Like Button Vivacity Infotech BEGIN -->\n<div class=\"fb-like\" data-href=\"https:\/\/zeiss-orchester.de\/?p=1965\" data-layout=\"button\" data-action=\"like\" data-show-faces=\"false\" data-size=\"small\" data-width=\"450\" data-share=\"1\" ><\/div>\n<!-- Facebook Like Button Vivacity Infotech END -->\n\n<p>Unter dem Titel <strong>Eine au\u00dfergew\u00f6hnliche Premiere auf dem Geraer Marktplatz<\/strong> hatte die Stadt Gera ihre B\u00fcrger auf den Markt zu einer besonderen Veranstaltung gerufen.<\/p>\n\n\n\n<p>Das gab es noch nie! In der Corona-Pandemie entstehen besonders kreative Ideen. So auch im k\u00fcnstlerischen Bereich: Einige gl\u00fcckliche Umst\u00e4nde machten es m\u00f6glich, dass unser Kammerorchester an einem Samstag im August erstmals mit einem Carillon auftrat. <\/p>\n\n\n\n<figure class=\"wp-block-gallery has-nested-images columns-default is-cropped wp-block-gallery-1 is-layout-flex wp-block-gallery-is-layout-flex\">\n<figure class=\"wp-block-image size-large\"><img loading=\"lazy\" decoding=\"async\" width=\"576\" height=\"1024\" data-id=\"2335\" src=\"https:\/\/zeiss-orchester.de\/wp-content\/uploads\/2022\/07\/10.1-576x1024.jpg\" alt=\"\" class=\"wp-image-2335\" srcset=\"https:\/\/zeiss-orchester.de\/wp-content\/uploads\/2022\/07\/10.1-576x1024.jpg 576w, https:\/\/zeiss-orchester.de\/wp-content\/uploads\/2022\/07\/10.1-169x300.jpg 169w, https:\/\/zeiss-orchester.de\/wp-content\/uploads\/2022\/07\/10.1-768x1365.jpg 768w, https:\/\/zeiss-orchester.de\/wp-content\/uploads\/2022\/07\/10.1-864x1536.jpg 864w, https:\/\/zeiss-orchester.de\/wp-content\/uploads\/2022\/07\/10.1-1152x2048.jpg 1152w, https:\/\/zeiss-orchester.de\/wp-content\/uploads\/2022\/07\/10.1-624x1109.jpg 624w, https:\/\/zeiss-orchester.de\/wp-content\/uploads\/2022\/07\/10.1-scaled.jpg 1440w\" sizes=\"auto, (max-width: 576px) 100vw, 576px\" \/><figcaption class=\"wp-element-caption\">Den Bratschen wird es warm<\/figcaption><\/figure>\n\n\n\n<figure class=\"wp-block-image size-large\"><img loading=\"lazy\" decoding=\"async\" width=\"1024\" height=\"768\" data-id=\"2013\" src=\"https:\/\/zeiss-orchester.de\/wp-content\/uploads\/2020\/10\/20200829_135259-1024x768.jpg\" alt=\"\" class=\"wp-image-2013\" srcset=\"https:\/\/zeiss-orchester.de\/wp-content\/uploads\/2020\/10\/20200829_135259-1024x768.jpg 1024w, https:\/\/zeiss-orchester.de\/wp-content\/uploads\/2020\/10\/20200829_135259-300x225.jpg 300w, https:\/\/zeiss-orchester.de\/wp-content\/uploads\/2020\/10\/20200829_135259-768x576.jpg 768w, https:\/\/zeiss-orchester.de\/wp-content\/uploads\/2020\/10\/20200829_135259-1536x1152.jpg 1536w, https:\/\/zeiss-orchester.de\/wp-content\/uploads\/2020\/10\/20200829_135259-2048x1536.jpg 2048w, https:\/\/zeiss-orchester.de\/wp-content\/uploads\/2020\/10\/20200829_135259-624x468.jpg 624w\" sizes=\"auto, (max-width: 1024px) 100vw, 1024px\" \/><\/figure>\n<\/figure>\n\n\n\n<p>Das Kulturamt Gera organisierte am 29.08. 2020 am Simson-Brunnen in Zusammenarbeit mit dem F\u00f6rderverein f\u00fcr Rechtspflege, Kunst und Kultur eine Veranstaltung unter dem Motto \u201eCARILLON trifft STREICHORCHESTER\u201c. Dabei pr\u00e4sentierten die Geraer Glockenspieler Udo Pein, Holger Grandke und Johannes Schubert gemeinsam mit dem Kammerorchester des Sinfonieorchesters Carl Zeiss Jena unter der Leitung von Roland Weske viele bekannte Melodien. Deutschlandweit wurde erstmalig der Versuch unternommen, die beiden so unterschiedlichen Klangk\u00f6rper zu vereinen.<\/p>\n\n\n\n<figure class=\"wp-block-gallery has-nested-images columns-default is-cropped wp-block-gallery-2 is-layout-flex wp-block-gallery-is-layout-flex\">\n<figure class=\"wp-block-image size-large\"><img decoding=\"async\" data-id=\"2019\" src=\"https:\/\/zeiss-orchester.de\/wp-content\/uploads\/2020\/10\/20200829_135257_001-3-1024x768.jpg\" alt=\"\" class=\"wp-image-2019\"\/><\/figure>\n\n\n\n<figure class=\"wp-block-image size-full\"><img loading=\"lazy\" decoding=\"async\" width=\"800\" height=\"600\" data-id=\"2356\" src=\"https:\/\/zeiss-orchester.de\/wp-content\/uploads\/2022\/07\/22-Mit-Publikum-1.jpg\" alt=\"\" class=\"wp-image-2356\" srcset=\"https:\/\/zeiss-orchester.de\/wp-content\/uploads\/2022\/07\/22-Mit-Publikum-1.jpg 800w, https:\/\/zeiss-orchester.de\/wp-content\/uploads\/2022\/07\/22-Mit-Publikum-1-300x225.jpg 300w, https:\/\/zeiss-orchester.de\/wp-content\/uploads\/2022\/07\/22-Mit-Publikum-1-768x576.jpg 768w, https:\/\/zeiss-orchester.de\/wp-content\/uploads\/2022\/07\/22-Mit-Publikum-1-624x468.jpg 624w\" sizes=\"auto, (max-width: 800px) 100vw, 800px\" \/><\/figure>\n<\/figure>\n\n\n\n<p>Der Geraer Marktplatz verwandelte sich dabei f\u00fcr eine kurze Zeit in einen Konzertsaal unter freiem Himmel. Einige Sitzpl\u00e4tze waren vorhanden; alle anderen Besucher h\u00f6rten stehend oder in einem Caf\u00e9 am Markt sitzend den Musikern zu. Das Kulturamt Gera hatte die Veranstaltung mit viel Engagement und technischen &#8222;Raffinessen&#8220; vorbereitet.<\/p>\n\n\n\n<p>Unser Publikum, die Medien und wir waren uns einig: Das war eine ganz besondere, wunderbare Veranstaltung, die wir mit dem F\u00f6rderverein &#8222;Rechtspflege, Kunst und Kultur&#8220; auf jedenfall am selben oder an einem anderen Ort wiederholen wollen.<\/p>\n\n\n\n<p>Bitte lesen Sie eine Rezension aus der OTZ und den Leserbrief:<\/p>\n\n\n\n<figure class=\"wp-block-image size-large\"><img loading=\"lazy\" decoding=\"async\" width=\"750\" height=\"480\" src=\"https:\/\/zeiss-orchester.de\/wp-content\/uploads\/2020\/08\/Gera-Rathaus-thib24.de-TNetzbandt.jpg\" alt=\"\" class=\"wp-image-1967\" srcset=\"https:\/\/zeiss-orchester.de\/wp-content\/uploads\/2020\/08\/Gera-Rathaus-thib24.de-TNetzbandt.jpg 750w, https:\/\/zeiss-orchester.de\/wp-content\/uploads\/2020\/08\/Gera-Rathaus-thib24.de-TNetzbandt-300x192.jpg 300w, https:\/\/zeiss-orchester.de\/wp-content\/uploads\/2020\/08\/Gera-Rathaus-thib24.de-TNetzbandt-624x399.jpg 624w\" sizes=\"auto, (max-width: 750px) 100vw, 750px\" \/><\/figure>\n\n\n\n<figure class=\"wp-block-image size-large\"><img loading=\"lazy\" decoding=\"async\" width=\"1024\" height=\"768\" src=\"https:\/\/zeiss-orchester.de\/wp-content\/uploads\/2020\/09\/OTZ-Gera-31.8.20-1024x768.jpg\" alt=\"\" class=\"wp-image-1983\" srcset=\"https:\/\/zeiss-orchester.de\/wp-content\/uploads\/2020\/09\/OTZ-Gera-31.8.20-1024x768.jpg 1024w, https:\/\/zeiss-orchester.de\/wp-content\/uploads\/2020\/09\/OTZ-Gera-31.8.20-300x225.jpg 300w, https:\/\/zeiss-orchester.de\/wp-content\/uploads\/2020\/09\/OTZ-Gera-31.8.20-768x576.jpg 768w, https:\/\/zeiss-orchester.de\/wp-content\/uploads\/2020\/09\/OTZ-Gera-31.8.20-1536x1152.jpg 1536w, https:\/\/zeiss-orchester.de\/wp-content\/uploads\/2020\/09\/OTZ-Gera-31.8.20-624x468.jpg 624w, https:\/\/zeiss-orchester.de\/wp-content\/uploads\/2020\/09\/OTZ-Gera-31.8.20-rotated.jpg 2016w\" sizes=\"auto, (max-width: 1024px) 100vw, 1024px\" \/><figcaption class=\"wp-element-caption\">OTZ Gera am 31.08. 2020<\/figcaption><\/figure>\n\n\n\n<p> <\/p>\n\n\n\n<figure class=\"wp-block-image size-large\"><img loading=\"lazy\" decoding=\"async\" width=\"1024\" height=\"768\" src=\"https:\/\/zeiss-orchester.de\/wp-content\/uploads\/2020\/09\/OTZ-Jena-und-Gera-31.8.2020-Titelseite-1024x768.jpg\" alt=\"\" class=\"wp-image-1984\" srcset=\"https:\/\/zeiss-orchester.de\/wp-content\/uploads\/2020\/09\/OTZ-Jena-und-Gera-31.8.2020-Titelseite-1024x768.jpg 1024w, https:\/\/zeiss-orchester.de\/wp-content\/uploads\/2020\/09\/OTZ-Jena-und-Gera-31.8.2020-Titelseite-300x225.jpg 300w, https:\/\/zeiss-orchester.de\/wp-content\/uploads\/2020\/09\/OTZ-Jena-und-Gera-31.8.2020-Titelseite-768x576.jpg 768w, https:\/\/zeiss-orchester.de\/wp-content\/uploads\/2020\/09\/OTZ-Jena-und-Gera-31.8.2020-Titelseite-1536x1152.jpg 1536w, https:\/\/zeiss-orchester.de\/wp-content\/uploads\/2020\/09\/OTZ-Jena-und-Gera-31.8.2020-Titelseite-624x468.jpg 624w, https:\/\/zeiss-orchester.de\/wp-content\/uploads\/2020\/09\/OTZ-Jena-und-Gera-31.8.2020-Titelseite.jpg 2016w\" sizes=\"auto, (max-width: 1024px) 100vw, 1024px\" \/><figcaption class=\"wp-element-caption\">OTZ Jena am 31.08. 2020\/ Titelseite<\/figcaption><\/figure>\n\n\n\n<figure class=\"wp-block-image size-large\"><img loading=\"lazy\" decoding=\"async\" width=\"1024\" height=\"768\" src=\"https:\/\/zeiss-orchester.de\/wp-content\/uploads\/2020\/09\/20200905_140909-1024x768.jpg\" alt=\"\" class=\"wp-image-1986\" srcset=\"https:\/\/zeiss-orchester.de\/wp-content\/uploads\/2020\/09\/20200905_140909-1024x768.jpg 1024w, https:\/\/zeiss-orchester.de\/wp-content\/uploads\/2020\/09\/20200905_140909-300x225.jpg 300w, https:\/\/zeiss-orchester.de\/wp-content\/uploads\/2020\/09\/20200905_140909-768x576.jpg 768w, https:\/\/zeiss-orchester.de\/wp-content\/uploads\/2020\/09\/20200905_140909-1536x1152.jpg 1536w, https:\/\/zeiss-orchester.de\/wp-content\/uploads\/2020\/09\/20200905_140909-2048x1536.jpg 2048w, https:\/\/zeiss-orchester.de\/wp-content\/uploads\/2020\/09\/20200905_140909-624x468.jpg 624w\" sizes=\"auto, (max-width: 1024px) 100vw, 1024px\" \/><figcaption class=\"wp-element-caption\">So eine Meinung freut und macht neuen Mut und Hoffnung!<\/figcaption><\/figure>\n\n\n\n<p><\/p>\n\n\n\n<!-- Facebook Like Button Vivacity Infotech BEGIN -->\n<div class=\"fb-like\" data-href=\"https:\/\/zeiss-orchester.de\/?p=1965\" data-layout=\"button\" data-action=\"like\" data-show-faces=\"false\" data-size=\"small\" data-width=\"450\" data-share=\"1\" ><\/div>\n<!-- Facebook Like Button Vivacity Infotech END -->\n","protected":false},"excerpt":{"rendered":"<p>Unter dem Titel Eine au\u00dfergew\u00f6hnliche Premiere auf dem Geraer Marktplatz hatte die Stadt Gera ihre B\u00fcrger auf den Markt zu einer besonderen Veranstaltung gerufen. Das gab es noch nie! In [&hellip;]<\/p>\n","protected":false},"author":2,"featured_media":0,"comment_status":"closed","ping_status":"closed","sticky":false,"template":"","format":"standard","meta":{"_price":"","_stock":"","_tribe_ticket_header":"","_tribe_default_ticket_provider":"","_tribe_ticket_capacity":"0","_ticket_start_date":"","_ticket_end_date":"","_tribe_ticket_show_description":"","_tribe_ticket_show_not_going":false,"_tribe_ticket_use_global_stock":"","_tribe_ticket_global_stock_level":"","_global_stock_mode":"","_global_stock_cap":"","_tribe_rsvp_for_event":"","_tribe_ticket_going_count":"","_tribe_ticket_not_going_count":"","_tribe_tickets_list":"[]","_tribe_ticket_has_attendee_info_fields":false,"footnotes":""},"categories":[1],"tags":[],"class_list":["post-1965","post","type-post","status-publish","format-standard","hentry","category-uncategorized"],"_links":{"self":[{"href":"https:\/\/zeiss-orchester.de\/index.php?rest_route=\/wp\/v2\/posts\/1965","targetHints":{"allow":["GET"]}}],"collection":[{"href":"https:\/\/zeiss-orchester.de\/index.php?rest_route=\/wp\/v2\/posts"}],"about":[{"href":"https:\/\/zeiss-orchester.de\/index.php?rest_route=\/wp\/v2\/types\/post"}],"author":[{"embeddable":true,"href":"https:\/\/zeiss-orchester.de\/index.php?rest_route=\/wp\/v2\/users\/2"}],"replies":[{"embeddable":true,"href":"https:\/\/zeiss-orchester.de\/index.php?rest_route=%2Fwp%2Fv2%2Fcomments&post=1965"}],"version-history":[{"count":13,"href":"https:\/\/zeiss-orchester.de\/index.php?rest_route=\/wp\/v2\/posts\/1965\/revisions"}],"predecessor-version":[{"id":2585,"href":"https:\/\/zeiss-orchester.de\/index.php?rest_route=\/wp\/v2\/posts\/1965\/revisions\/2585"}],"wp:attachment":[{"href":"https:\/\/zeiss-orchester.de\/index.php?rest_route=%2Fwp%2Fv2%2Fmedia&parent=1965"}],"wp:term":[{"taxonomy":"category","embeddable":true,"href":"https:\/\/zeiss-orchester.de\/index.php?rest_route=%2Fwp%2Fv2%2Fcategories&post=1965"},{"taxonomy":"post_tag","embeddable":true,"href":"https:\/\/zeiss-orchester.de\/index.php?rest_route=%2Fwp%2Fv2%2Ftags&post=1965"}],"curies":[{"name":"wp","href":"https:\/\/api.w.org\/{rel}","templated":true}]}}