{"id":3261,"global_id":"zeiss-orchester.de?id=3261","global_id_lineage":["zeiss-orchester.de?id=3261"],"author":"2","status":"publish","date":"2025-07-06 18:39:33","date_utc":"2025-07-06 16:39:33","modified":"2026-03-25 15:14:53","modified_utc":"2026-03-25 14:14:53","url":"https:\/\/zeiss-orchester.de\/?tribe_events=fruehlingskonzert-2026","rest_url":"https:\/\/zeiss-orchester.de\/index.php?rest_route=\/tribe\/events\/v1\/events\/3261","title":"Fr\u00fchlingskonzert 2026","description":"<!-- Facebook Like Button Vivacity Infotech BEGIN -->\n<div class=\"fb-like\" data-href=\"\" data-layout=\"button\" data-action=\"like\" data-show-faces=\"false\" data-size=\"small\" data-width=\"450\" data-share=\"1\" ><\/div>\n<!-- Facebook Like Button Vivacity Infotech END -->\n<p>Die Titel unserer Fr\u00fchlingsmelodien k\u00f6nnen das Herz erfreuen:<\/p>\n<p>Die Sch\u00f6nbrunner; M\u00e4rzveilchen, May-Song, Fr\u00fchlingskinder, Gl\u00fchw\u00fcrmchen-Idyll,\u00a0 \u00a0 \u00a0 \u00a0 \u00a0 \u00a0 \u00a0 \u00a0 \u00a0 \u00a0 \u00a0 \u00a0 Beim ersten Kuckucksruf im Fr\u00fchling, Im Galopp durch Wald und Feld; Die Nachtigall und die Fr\u00f6sche, M\u00fcckentanz und S\u00b4 kommt\u00a0 ein Vogel geflogen.<\/p>\n<p>H\u00f6hepunkt unseres Programms ist der Auftritt eines Euphoniums, eines richtigen Angebers unter den Blechblasinstrumenten, virtuos gespielt von unserer Solistin Andrea Hobson!<\/p>\n\n<!-- Facebook Like Button Vivacity Infotech BEGIN -->\n<div class=\"fb-like\" data-href=\"\" data-layout=\"button\" data-action=\"like\" data-show-faces=\"false\" data-size=\"small\" data-width=\"450\" data-share=\"1\" ><\/div>\n<!-- Facebook Like Button Vivacity Infotech END -->","excerpt":"<p>Tickets f\u00fcr 12 \u20ac und 14 \u20ac k\u00f6nnen direkt in der Jenaer Tourist-Information oder online \u00fcber diesen Link:<br \/>\nerworben werden.<\/p>","slug":"fruehlingskonzert-2026","image":false,"all_day":false,"start_date":"2026-03-29 17:00:00","start_date_details":{"year":"2026","month":"03","day":"29","hour":"17","minutes":"00","seconds":"00"},"end_date":"2026-03-29 19:00:00","end_date_details":{"year":"2026","month":"03","day":"29","hour":"19","minutes":"00","seconds":"00"},"utc_start_date":"2026-03-29 15:00:00","utc_start_date_details":{"year":"2026","month":"03","day":"29","hour":"15","minutes":"00","seconds":"00"},"utc_end_date":"2026-03-29 17:00:00","utc_end_date_details":{"year":"2026","month":"03","day":"29","hour":"17","minutes":"00","seconds":"00"},"timezone":"Europe\/Berlin","timezone_abbr":"CEST","cost":"","cost_details":{"currency_symbol":"","currency_code":"","currency_position":"","values":[]},"website":"","show_map":true,"show_map_link":true,"hide_from_listings":false,"sticky":false,"featured":false,"categories":[],"tags":[],"venue":{"id":2373,"author":"2","status":"publish","date":"2022-08-27 08:17:24","date_utc":"2022-08-27 08:17:24","modified":"2022-08-27 08:17:24","modified_utc":"2022-08-27 08:17:24","url":"https:\/\/zeiss-orchester.de\/?tribe_venue=ernst-abbe-saal-volkshaus-jena","venue":"Ernst-Abbe-Saal Volkshaus Jena","description":"<!-- Facebook Like Button Vivacity Infotech BEGIN -->\n<div class=\"fb-like\" data-href=\"\" data-layout=\"button\" data-action=\"like\" data-show-faces=\"false\" data-size=\"small\" data-width=\"450\" data-share=\"1\" ><\/div>\n<!-- Facebook Like Button Vivacity Infotech END -->\n\n<!-- Facebook Like Button Vivacity Infotech BEGIN -->\n<div class=\"fb-like\" data-href=\"\" data-layout=\"button\" data-action=\"like\" data-show-faces=\"false\" data-size=\"small\" data-width=\"450\" data-share=\"1\" ><\/div>\n<!-- Facebook Like Button Vivacity Infotech END -->","slug":"ernst-abbe-saal-volkshaus-jena","json_ld":{"@type":"Place","name":"Ernst-Abbe-Saal Volkshaus Jena","description":"","url":"","address":{"@type":"PostalAddress"},"telephone":"","sameAs":""},"show_map":true,"show_map_link":true,"global_id":"zeiss-orchester.de?id=2373","global_id_lineage":["zeiss-orchester.de?id=2373"]},"organizer":[],"custom_fields":[],"json_ld":{"@context":"http:\/\/schema.org","@type":"Event","name":"Fr\u00fchlingskonzert 2026","description":"&lt;p&gt;Tickets f\u00fcr 12 \u20ac und 14 \u20ac k\u00f6nnen direkt in der Jenaer Tourist-Information oder online \u00fcber diesen Link:&lt;br \/&gt;\\nerworben werden.&lt;\/p&gt;\\n","url":"https:\/\/zeiss-orchester.de\/?tribe_events=fruehlingskonzert-2026","eventAttendanceMode":"https:\/\/schema.org\/OfflineEventAttendanceMode","eventStatus":"https:\/\/schema.org\/EventScheduled","startDate":"2026-03-29T17:00:00+02:00","endDate":"2026-03-29T19:00:00+02:00","location":{"@type":"Place","name":"Ernst-Abbe-Saal Volkshaus Jena","description":"","url":"","address":{"@type":"PostalAddress"},"telephone":"","sameAs":""},"performer":"Organization"},"ticketed":false}