{"id":2975,"global_id":"zeiss-orchester.de?id=2975","global_id_lineage":["zeiss-orchester.de?id=2975"],"author":"2","status":"publish","date":"2024-08-20 12:29:38","date_utc":"2024-08-20 10:29:38","modified":"2025-12-22 10:21:44","modified_utc":"2025-12-22 09:21:44","url":"https:\/\/zeiss-orchester.de\/?tribe_events=weihnachtskonzert-2025","rest_url":"https:\/\/zeiss-orchester.de\/index.php?rest_route=\/tribe\/events\/v1\/events\/2975","title":"Weihnachtskonzert 2025","description":"<!-- Facebook Like Button Vivacity Infotech BEGIN -->\n<div class=\"fb-like\" data-href=\"\" data-layout=\"button\" data-action=\"like\" data-show-faces=\"false\" data-size=\"small\" data-width=\"450\" data-share=\"1\" ><\/div>\n<!-- Facebook Like Button Vivacity Infotech END -->\n<p data-start=\"93\" data-end=\"459\">Bald nun ist Weihnachtszeit und traditionell bitten wir Sie zu unserem festlich-besinnlichen Weihnachtskonzert in das Jenaer Volkshaus. Freuen Sie sich auf ein stimmungsvolles Programm mit Musik von Mozart, Dvo\u0159\u00e1k, H\u00e4ndel u.v.a.. Es erklingt Mendelssohns \u201eChor der Engel\u201c; sie h\u00f6ren ein zartes Wiegenlied, ein Minuet und die Sinfonie &#8222;Die vier Weltalter&#8220; von Von Dittersdorf. Nach der Pause f\u00fchren wir Sie mit dem Minuet aus &#8222;Beau Brummell&#8220; von Edward Elgar; weihnachtlicher Chor- und Bl\u00e4sermusik und weiteren musikalischen Leckerbissen durch den Abend. Zum Abschluss erwartet Sie mit Waldteufels funkelndem Walzer <strong data-start=\"415\" data-end=\"430\">\u201eGoldregen\u201c<\/strong> ein besonders glanzvoller Moment. Traditionell lassen wir den Konzertabend mit Saalgesang ausklingen: Wir begleiten Sie zu &#8222;O du Fr\u00f6hliche&#8230;&#8220; und verabschieden uns &#8211; wie sollte es anders sein &#8211; mit einer beschwingten \u201eSchlittenfahrt\u201c.<\/p>\n<p data-start=\"461\" data-end=\"535\">Kommen Sie vorbei und stimmen Sie sich mit uns auf die Weihnachtszeit ein!<\/p>\n\n<!-- Facebook Like Button Vivacity Infotech BEGIN -->\n<div class=\"fb-like\" data-href=\"\" data-layout=\"button\" data-action=\"like\" data-show-faces=\"false\" data-size=\"small\" data-width=\"450\" data-share=\"1\" ><\/div>\n<!-- Facebook Like Button Vivacity Infotech END -->","excerpt":"","slug":"weihnachtskonzert-2025","image":{"url":"https:\/\/zeiss-orchester.de\/wp-content\/uploads\/2024\/08\/20251129-nur-P.haus-ohne-Sterne-scaled.jpg","id":3366,"extension":"jpg","width":2560,"height":1619,"filesize":565062,"sizes":{"medium":{"width":300,"height":190,"mime-type":"image\/jpeg","filesize":16350,"url":"https:\/\/zeiss-orchester.de\/wp-content\/uploads\/2024\/08\/20251129-nur-P.haus-ohne-Sterne-300x190.jpg"},"large":{"width":1024,"height":647,"mime-type":"image\/jpeg","filesize":117270,"url":"https:\/\/zeiss-orchester.de\/wp-content\/uploads\/2024\/08\/20251129-nur-P.haus-ohne-Sterne-1024x647.jpg"},"thumbnail":{"width":150,"height":150,"mime-type":"image\/jpeg","filesize":8566,"url":"https:\/\/zeiss-orchester.de\/wp-content\/uploads\/2024\/08\/20251129-nur-P.haus-ohne-Sterne-150x150.jpg"},"medium_large":{"width":768,"height":486,"mime-type":"image\/jpeg","filesize":72833,"url":"https:\/\/zeiss-orchester.de\/wp-content\/uploads\/2024\/08\/20251129-nur-P.haus-ohne-Sterne-768x486.jpg"},"1536x1536":{"width":1536,"height":971,"mime-type":"image\/jpeg","filesize":233210,"url":"https:\/\/zeiss-orchester.de\/wp-content\/uploads\/2024\/08\/20251129-nur-P.haus-ohne-Sterne-1536x971.jpg"},"2048x2048":{"width":2048,"height":1295,"mime-type":"image\/jpeg","filesize":383288,"url":"https:\/\/zeiss-orchester.de\/wp-content\/uploads\/2024\/08\/20251129-nur-P.haus-ohne-Sterne-2048x1295.jpg"},"post-thumbnail":{"width":624,"height":395,"mime-type":"image\/jpeg","filesize":51332,"url":"https:\/\/zeiss-orchester.de\/wp-content\/uploads\/2024\/08\/20251129-nur-P.haus-ohne-Sterne-624x395.jpg"}},"original_image":"20251129-nur-P.haus-ohne-Sterne.jpg"},"all_day":false,"start_date":"2025-12-20 17:00:00","start_date_details":{"year":"2025","month":"12","day":"20","hour":"17","minutes":"00","seconds":"00"},"end_date":"2025-12-20 19:00:00","end_date_details":{"year":"2025","month":"12","day":"20","hour":"19","minutes":"00","seconds":"00"},"utc_start_date":"2025-12-20 16:00:00","utc_start_date_details":{"year":"2025","month":"12","day":"20","hour":"16","minutes":"00","seconds":"00"},"utc_end_date":"2025-12-20 18:00:00","utc_end_date_details":{"year":"2025","month":"12","day":"20","hour":"18","minutes":"00","seconds":"00"},"timezone":"Europe\/Berlin","timezone_abbr":"CET","cost":"","cost_details":{"currency_symbol":"14 \u20ac","currency_code":"EUR","currency_position":"prefix","values":[]},"website":"zeiss-orchester.de","show_map":true,"show_map_link":true,"hide_from_listings":false,"sticky":false,"featured":false,"categories":[],"tags":[],"venue":{"id":2373,"author":"2","status":"publish","date":"2022-08-27 08:17:24","date_utc":"2022-08-27 08:17:24","modified":"2022-08-27 08:17:24","modified_utc":"2022-08-27 08:17:24","url":"https:\/\/zeiss-orchester.de\/?tribe_venue=ernst-abbe-saal-volkshaus-jena","venue":"Ernst-Abbe-Saal Volkshaus Jena","description":"<!-- Facebook Like Button Vivacity Infotech BEGIN -->\n<div class=\"fb-like\" data-href=\"\" data-layout=\"button\" data-action=\"like\" data-show-faces=\"false\" data-size=\"small\" data-width=\"450\" data-share=\"1\" ><\/div>\n<!-- Facebook Like Button Vivacity Infotech END -->\n\n<!-- Facebook Like Button Vivacity Infotech BEGIN -->\n<div class=\"fb-like\" data-href=\"\" data-layout=\"button\" data-action=\"like\" data-show-faces=\"false\" data-size=\"small\" data-width=\"450\" data-share=\"1\" ><\/div>\n<!-- Facebook Like Button Vivacity Infotech END -->","slug":"ernst-abbe-saal-volkshaus-jena","json_ld":{"@type":"Place","name":"Ernst-Abbe-Saal Volkshaus Jena","description":"","url":"","address":{"@type":"PostalAddress"},"telephone":"","sameAs":""},"show_map":true,"show_map_link":true,"global_id":"zeiss-orchester.de?id=2373","global_id_lineage":["zeiss-orchester.de?id=2373"]},"organizer":[{"id":128,"author":"2","status":"publish","date":"2014-01-26 00:44:50","date_utc":"2014-01-25 22:44:50","modified":"2022-04-03 05:18:00","modified_utc":"2022-04-03 05:18:00","url":"https:\/\/zeiss-orchester.de\/?tribe_organizer=zeiss-orchester","organizer":"Sinfonieorchester Carl Zeiss Jena e.V.","description":"<!-- Facebook Like Button Vivacity Infotech BEGIN -->\n<div class=\"fb-like\" data-href=\"\" data-layout=\"button\" data-action=\"like\" data-show-faces=\"false\" data-size=\"small\" data-width=\"450\" data-share=\"1\" ><\/div>\n<!-- Facebook Like Button Vivacity Infotech END -->\n\n<!-- Facebook Like Button Vivacity Infotech BEGIN -->\n<div class=\"fb-like\" data-href=\"\" data-layout=\"button\" data-action=\"like\" data-show-faces=\"false\" data-size=\"small\" data-width=\"450\" data-share=\"1\" ><\/div>\n<!-- Facebook Like Button Vivacity Infotech END -->","slug":"zeiss-orchester","website":"zeiss-orchester.de","json_ld":{"@type":"Person","name":"Sinfonieorchester Carl Zeiss Jena e.V.","description":"","url":"http:\/\/zeiss-orchester.de","telephone":"","email":"","sameAs":"http:\/\/zeiss-orchester.de"},"global_id":"zeiss-orchester.de?id=128","global_id_lineage":["zeiss-orchester.de?id=128"]}],"custom_fields":[],"json_ld":{"@context":"http:\/\/schema.org","@type":"Event","name":"Weihnachtskonzert 2025","description":"&lt;p&gt;Bald nun ist Weihnachtszeit und traditionell bitten wir Sie zu unserem festlich-besinnlichen Weihnachtskonzert in das Jenaer Volkshaus. Freuen Sie sich auf ein stimmungsvolles Programm mit Musik von Mozart, Dvo\u0159\u00e1k, H\u00e4ndel [&hellip;]&lt;\/p&gt;\\n","image":"https:\/\/zeiss-orchester.de\/wp-content\/uploads\/2024\/08\/20251129-nur-P.haus-ohne-Sterne-scaled.jpg","url":"https:\/\/zeiss-orchester.de\/?tribe_events=weihnachtskonzert-2025","eventAttendanceMode":"https:\/\/schema.org\/OfflineEventAttendanceMode","eventStatus":"https:\/\/schema.org\/EventScheduled","startDate":"2025-12-20T17:00:00+01:00","endDate":"2025-12-20T19:00:00+01:00","location":{"@type":"Place","name":"Ernst-Abbe-Saal Volkshaus Jena","description":"","url":"","address":{"@type":"PostalAddress"},"telephone":"","sameAs":""},"organizer":{"@type":"Person","name":"Sinfonieorchester Carl Zeiss Jena e.V.","description":"","url":"http:\/\/zeiss-orchester.de","telephone":"","email":"","sameAs":"http:\/\/zeiss-orchester.de"},"performer":"Organization"},"ticketed":false}