{"id":266,"global_id":"zeiss-orchester.de?id=266","global_id_lineage":["zeiss-orchester.de?id=266"],"author":"2","status":"publish","date":"2015-03-15 00:44:53","date_utc":"2015-03-14 22:44:53","modified":"2018-12-30 05:14:58","modified_utc":"2018-12-30 05:14:58","url":"https:\/\/zeiss-orchester.de\/?tribe_events=herbstkonzert-meine-schoenste-melodie","rest_url":"https:\/\/zeiss-orchester.de\/index.php?rest_route=\/tribe\/events\/v1\/events\/266","title":"Herbstkonzert 2015: Romantik in Musik und Dichtung","description":"<!-- Facebook Like Button Vivacity Infotech BEGIN -->\n<div class=\"fb-like\" data-href=\"\" data-layout=\"button\" data-action=\"like\" data-show-faces=\"false\" data-size=\"small\" data-width=\"450\" data-share=\"1\" ><\/div>\n<!-- Facebook Like Button Vivacity Infotech END -->\n<p>Passend zum Romantik-Jahr pr\u00e4sentieren auch wir ein Programm von Schubert, \u00fcber Wagner und Bruch bis hin zu Carl Maria von Weber und Jean Sibelius. Als G\u00e4ste begr\u00fc\u00dfen wir wieder den M\u00e4nnerchor Taubach unter der Leitung von Harald D\u00fcbler. Durchs Programm f\u00fchren wird uns Gunnar Breske vom MDR, der die Dichtung ohne offiziellen Musikanteil zur Geltung bringen wird.<\/p>\n<p>&nbsp;<\/p>\n<p>&nbsp;<\/p>\n\n<!-- Facebook Like Button Vivacity Infotech BEGIN -->\n<div class=\"fb-like\" data-href=\"\" data-layout=\"button\" data-action=\"like\" data-show-faces=\"false\" data-size=\"small\" data-width=\"450\" data-share=\"1\" ><\/div>\n<!-- Facebook Like Button Vivacity Infotech END -->","excerpt":"","slug":"herbstkonzert-meine-schoenste-melodie","image":false,"all_day":false,"start_date":"2015-10-25 17:00:00","start_date_details":{"year":"2015","month":"10","day":"25","hour":"17","minutes":"00","seconds":"00"},"end_date":"2015-10-25 19:00:00","end_date_details":{"year":"2015","month":"10","day":"25","hour":"19","minutes":"00","seconds":"00"},"utc_start_date":"2015-10-25 17:00:00","utc_start_date_details":{"year":"2015","month":"10","day":"25","hour":"17","minutes":"00","seconds":"00"},"utc_end_date":"2015-10-25 19:00:00","utc_end_date_details":{"year":"2015","month":"10","day":"25","hour":"19","minutes":"00","seconds":"00"},"timezone":"UTC+0","timezone_abbr":"UTC+0","cost":"\u20ac9 \u2013 \u20ac11","cost_details":{"currency_symbol":"\u20ac","currency_code":"","currency_position":"prefix","values":["9","11"]},"website":"","show_map":true,"show_map_link":true,"hide_from_listings":false,"sticky":false,"featured":false,"categories":[],"tags":[],"venue":{"id":129,"author":"2","status":"publish","date":"2014-01-26 00:44:50","date_utc":"2014-01-25 22:44:50","modified":"2014-01-26 00:44:50","modified_utc":"2014-01-25 22:44:50","url":"https:\/\/zeiss-orchester.de\/?tribe_venue=groser-saal-volkshaus-jena","venue":"Gro\u00dfer Saal, Volkshaus Jena","description":"<!-- Facebook Like Button Vivacity Infotech BEGIN -->\n<div class=\"fb-like\" data-href=\"\" data-layout=\"button\" data-action=\"like\" data-show-faces=\"false\" data-size=\"small\" data-width=\"450\" data-share=\"1\" ><\/div>\n<!-- Facebook Like Button Vivacity Infotech END -->\n\n<!-- Facebook Like Button Vivacity Infotech BEGIN -->\n<div class=\"fb-like\" data-href=\"\" data-layout=\"button\" data-action=\"like\" data-show-faces=\"false\" data-size=\"small\" data-width=\"450\" data-share=\"1\" ><\/div>\n<!-- Facebook Like Button Vivacity Infotech END -->","slug":"groser-saal-volkshaus-jena","address":"Carl-Zeiss-Platz 15","city":"Jena","country":"Deutschland","zip":"07743","website":"volkshaus-jena.de","json_ld":{"@type":"Place","name":"Gro\u00dfer Saal, Volkshaus Jena","description":"","url":"","address":{"@type":"PostalAddress","streetAddress":"Carl-Zeiss-Platz 15","addressLocality":"Jena","postalCode":"07743","addressCountry":"Deutschland"},"telephone":"","sameAs":"volkshaus-jena.de"},"show_map":true,"show_map_link":true,"global_id":"zeiss-orchester.de?id=129","global_id_lineage":["zeiss-orchester.de?id=129"]},"organizer":[{"id":128,"author":"2","status":"publish","date":"2014-01-26 00:44:50","date_utc":"2014-01-25 22:44:50","modified":"2022-04-03 05:18:00","modified_utc":"2022-04-03 05:18:00","url":"https:\/\/zeiss-orchester.de\/?tribe_organizer=zeiss-orchester","organizer":"Sinfonieorchester Carl Zeiss Jena e.V.","description":"<!-- Facebook Like Button Vivacity Infotech BEGIN -->\n<div class=\"fb-like\" data-href=\"\" data-layout=\"button\" data-action=\"like\" data-show-faces=\"false\" data-size=\"small\" data-width=\"450\" data-share=\"1\" ><\/div>\n<!-- Facebook Like Button Vivacity Infotech END -->\n\n<!-- Facebook Like Button Vivacity Infotech BEGIN -->\n<div class=\"fb-like\" data-href=\"\" data-layout=\"button\" data-action=\"like\" data-show-faces=\"false\" data-size=\"small\" data-width=\"450\" data-share=\"1\" ><\/div>\n<!-- Facebook Like Button Vivacity Infotech END -->","slug":"zeiss-orchester","website":"zeiss-orchester.de","json_ld":{"@type":"Person","name":"Sinfonieorchester Carl Zeiss Jena e.V.","description":"","url":"http:\/\/zeiss-orchester.de","telephone":"","email":"","sameAs":"http:\/\/zeiss-orchester.de"},"global_id":"zeiss-orchester.de?id=128","global_id_lineage":["zeiss-orchester.de?id=128"]}],"custom_fields":[],"json_ld":{"@context":"http:\/\/schema.org","@type":"Event","name":"Herbstkonzert 2015: Romantik in Musik und Dichtung","description":"&lt;p&gt;Passend zum Romantik-Jahr pr\u00e4sentieren auch wir ein Programm von Schubert, \u00fcber Wagner und Bruch bis hin zu Carl Maria von Weber und Jean Sibelius. Als G\u00e4ste begr\u00fc\u00dfen wir wieder den [&hellip;]&lt;\/p&gt;\\n","url":"https:\/\/zeiss-orchester.de\/?tribe_events=herbstkonzert-meine-schoenste-melodie","eventAttendanceMode":"https:\/\/schema.org\/OfflineEventAttendanceMode","eventStatus":"https:\/\/schema.org\/EventScheduled","startDate":"2015-10-25T17:00:00+00:00","endDate":"2015-10-25T19:00:00+00:00","location":{"@type":"Place","name":"Gro\u00dfer Saal, Volkshaus Jena","description":"","url":"","address":{"@type":"PostalAddress","streetAddress":"Carl-Zeiss-Platz 15","addressLocality":"Jena","postalCode":"07743","addressCountry":"Deutschland"},"telephone":"","sameAs":"volkshaus-jena.de"},"organizer":{"@type":"Person","name":"Sinfonieorchester Carl Zeiss Jena e.V.","description":"","url":"http:\/\/zeiss-orchester.de","telephone":"","email":"","sameAs":"http:\/\/zeiss-orchester.de"},"offers":{"@type":"Offer","price":"9 \u2013 11","priceCurrency":"EUR","url":"https:\/\/zeiss-orchester.de\/?tribe_events=herbstkonzert-meine-schoenste-melodie","category":"primary","availability":"inStock","validFrom":"1970-01-01T00:00:00+00:00"},"performer":"Organization"},"ticketed":false}